{"id":10151,"date":"2024-05-27T13:09:35","date_gmt":"2024-05-27T11:09:35","guid":{"rendered":"http:\/\/baugeschichte.tuwien.ac.at\/website\/?p=10151"},"modified":"2024-05-27T13:10:27","modified_gmt":"2024-05-27T11:10:27","slug":"connecting-with-the-past","status":"publish","type":"post","link":"http:\/\/baugeschichte.tuwien.ac.at\/website\/connecting-with-the-past\/","title":{"rendered":"Vortrag | Connecting<br>with the Past"},"content":{"rendered":"\n<h2 class=\"wp-block-heading\">Bauen und Konservieren mit Baulehm in Uruk, Mesopotamien, heutiges S\u00fcdirak<\/h2>\n\n\n\n<div style=\"height:1px\" aria-hidden=\"true\" class=\"wp-block-spacer\"><\/div>\n\n\n\n<p><strong>Gastvortrag von Jasmine Alia Blaschek<br><\/strong>Mi., 22.05.2024,19:00 Uhr | Karlsplatz 13, H\u00f6rsaal 7 <\/p>\n\n\n\n<div style=\"height:20px\" aria-hidden=\"true\" class=\"wp-block-spacer\"><\/div>\n\n\n\n<p>Jasmine Alia Blaschek studierte Architektur an der TU Wien. Ihre Diplomarbeit &#8220;Ausgerechnet Lehm &#8211; Praktische Perspektiven f\u00fcr den Lehmbau in \u00d6sterreich&#8221; am Institut f\u00fcr Kunstgeschichte, Bauforschung und Denkmalpflege behandelte das Potential von Lehm als Baustoff der notwendigen Bauwende.<\/p>\n\n\n\n<p>Sie arbeitet seit 2016 f\u00fcr das Berliner Ingenieurb\u00fcro ZRS Ingenieure GmbH im Bereich Fachplanung, Gutachten und Labor. Als ZRSI-Projektleiterin der vom Deutschen Arch\u00e4ologischen Institut geleiteten Konservierungsarbeiten in Uruk (S\u00fcdirak) an bis zu 5.500 Jahre alten Lehmarchitekturresten ist Jasmine Blaschek f\u00fcr die Konzeption, Planung, Ausf\u00fchrung und Dokumentation der Arbeiten verantwortlich. Seit 2016 lehrt sie gemeinsam mit Christof Ziegert an der Bauhaus Universit\u00e4t in Weimar. Seit April 2024 verst\u00e4rkt sie den Lehmbau an der FH Potsdam in Lehre und Forschung.<\/p>\n\n\n\n<div style=\"height:20px\" aria-hidden=\"true\" class=\"wp-block-spacer\"><\/div>\n\n\n\n<p><em>Die Veranstaltung war eine Kooperation zwischen dem FoB Baugeschichte Bauforschung, dem<a href=\"https:\/\/netzwerklehm.at\/\"> Netzwerk Lehm<\/a>, den <a href=\"https:\/\/www.youngearthbuilders.at\/\">Young Earth Builders<\/a> und <a href=\"https:\/\/icomos.at\/wp2021\/\">ICOMOS Austria.<\/a><\/em><\/p>\n\n\n\n<div style=\"height:30px\" aria-hidden=\"true\" class=\"wp-block-spacer\"><\/div>\n\n\n<div id=\"gutenslider-8e0ck80id\" class=\"wp-block-eedee-block-gutenslider gs-frontend content-change alignnone arrow-style-1 arrow-position-sides arrow-mb-none arrows-lg arrows-md arrows-sm dot-style-1 dots-lg dots-md dots-sm dot-position-bottom is-position-center-center mb-none wrap-auto-height\" data-parallax-direction=\"down\" data-parallax-amount=\"1.3\" data-lg-transition=\"lg-slide\" data-hash=\"\" ><div class=\"eedee-swiper-outer\" style=\"--gutenslider-min-height: 75vh;--gutenslider-arrow-size: 30px;--gutenslider-dot-size: 25px;--gutenslider-arrow-color: #ffffff;--gutenslider-dot-color: #ffffff;--gutenslider-padding-y-mobile: 40px;--gutenslider-padding-x-mobile: 40px;--gutenslider-padding-y-tablet: 40px;--gutenslider-padding-x-tablet: 40px;--gutenslider-padding-y-desktop: 40px;--gutenslider-padding-x-desktop: 40px;--gutenslider-bg-image: url();--gutenslider-min-height-md: 50vh;--gutenslider-min-height-sm: 50vh;--gutenslider-padding-x: 40px;--gutenslider-padding-x-md: 40px;--gutenslider-padding-x-sm: 20px;--gutenslider-padding-y: 40px;--gutenslider-padding-y-md: 40px;--gutenslider-padding-y-sm: 20px;--gutenslider-arrow-size-md: 30px;--gutenslider-arrow-size-sm: 30px;--gutenslider-dot-size-md: 25px;--gutenslider-dot-size-sm: 25px;--gutenslider-arrow-bg-color: transparent;--gutenslider-arrow-hover-color: #eeeeee;--gutenslider-arrow-bg-hover-color: transparent;--gutenslider-arrow-x-offset: 10px;--gutenslider-arrow-x-offset-md: 10px;--gutenslider-arrow-x-offset-sm: 10px;--gutenslider-arrow-y-offset: 0px;--gutenslider-arrow-y-offset-md: 0px;--gutenslider-arrow-y-offset-sm: 0px;--gutenslider-arrow-x-spacing: 0px;--gutenslider-dot-y-offset: 10px;--gutenslider-dot-y-offset-md: 10px;--gutenslider-dot-y-offset-sm: 10px;--gutenslider-margin-x: 0px;--gutenslider-margin-x-md: 0px;--gutenslider-margin-x-sm: 0px;--gutenslider-margin-y: 0px;--gutenslider-margin-y-md: 0px;--gutenslider-margin-y-sm: 0px;--gutenslider-divider-top: 60px;--gutenslider-divider-bottom: 60px;--gutenslider-lightgallery-bg: #ffffff;--gutenslider-lightgallery-font: #000000;--gs-first-pos: 50% 50%;--gs-gap-vertical: var( --wp--style--gallery-gap-default, var( --gallery-block--gutter-size, var( --wp--style--block-gap, 0.5em ) ) );--gs-gap-horizontal: var( --wp--style--gallery-gap-default, var( --gallery-block--gutter-size, var( --wp--style--block-gap, 0.5em ) ) );\"><div class=\"gutenslider-divider-top\" style=\"color:#fff;\"><\/div><div class=\"swiper\" data-settings='{\"autoplay\":{\"delay\":3000,\"pauseOnMouseEnter\":true,\"disableOnInteraction\":false},\"speed\":700,\"direction\":\"horizontal\",\"autoHeight\":\"\",\"loop\":true,\"centeredSlides\":true,\"spaceBetween\":0,\"slidesPerView\":1,\"slidesPerGroup\":1,\"effect\":\"slide\",\"coverflowEffect\":{\"rotate\":30,\"slideShadows\":false,\"depth\":100,\"stretch\":50,\"modifier\":1},\"fadeEffect\":{\"crossFade\":true},\"zoom\":\"\",\"navigation\":{\"nextEl\":\"#gutenslider-8e0ck80id .eedee-gutenslider-next\",\"prevEl\":\"#gutenslider-8e0ck80id .eedee-gutenslider-prev\"},\"pagination\":{\"type\":\"bullets\",\"clickable\":true,\"dynamicBullets\":false,\"el\":\"#gutenslider-8e0ck80id .eedee-gutenslider-pagination\"},\"pauseOnHover\":\"1\",\"watchSlidesProgress\":true,\"watchSlidesVisibility\":true,\"settingsMd\":{\"autoHeight\":\"\",\"slidesPerView\":1,\"slidesPerGroup\":1,\"spaceBetween\":0,\"loop\":true},\"settingsLg\":{\"autoHeight\":\"\",\"slidesPerView\":1,\"slidesPerGroup\":1,\"spaceBetween\":0,\"loop\":true},\"hasLg\":false,\"hasLgCounter\":true,\"isFullScreen\":false,\"arrowsFollowMouse\":false,\"lgTitle\":\"none\",\"lgCaption\":\"none\",\"lgThumbnails\":true,\"lgZoomEnabled\":false,\"keyboard\":{\"keyboard\":{\"enabled\":true,\"onlyInViewport\":true}},\"hashNavigation\":false,\"dividers\":false}'><div class=\"swiper-wrapper\">\n<div class=\"swiper-slide wp-block-eedee-block-gutenslide is-position-center-center ed-bg-image\" style=\"--ed-vw:300;--ed-vh:192;\" data-hash=\"\"><div class=\"eedee-background-div bg-image\"><img fetchpriority=\"high\" width=\"1024\" height=\"655\" class=\"wp-image-10156\" src=\"http:\/\/baugeschichte.tuwien.ac.at\/website\/wp-content\/uploads\/2024\/05\/20240522_Uruk_Blaschek_03_web-1024x655.jpg\" alt=\"\" decoding=\"async\" style=\"object-fit: cover; object-position: 50% 50%;\"  data-caption=\"Andrea Rieger-Jandl, Netzwerk Lehm\" data-title=\"20240522_Uruk_Blaschek_03_web\" srcset=\"http:\/\/baugeschichte.tuwien.ac.at\/website\/wp-content\/uploads\/2024\/05\/20240522_Uruk_Blaschek_03_web-1024x655.jpg 1024w, http:\/\/baugeschichte.tuwien.ac.at\/website\/wp-content\/uploads\/2024\/05\/20240522_Uruk_Blaschek_03_web-300x192.jpg 300w, http:\/\/baugeschichte.tuwien.ac.at\/website\/wp-content\/uploads\/2024\/05\/20240522_Uruk_Blaschek_03_web-768x492.jpg 768w, http:\/\/baugeschichte.tuwien.ac.at\/website\/wp-content\/uploads\/2024\/05\/20240522_Uruk_Blaschek_03_web-50x32.jpg 50w, http:\/\/baugeschichte.tuwien.ac.at\/website\/wp-content\/uploads\/2024\/05\/20240522_Uruk_Blaschek_03_web-1600x1024.jpg 1600w, http:\/\/baugeschichte.tuwien.ac.at\/website\/wp-content\/uploads\/2024\/05\/20240522_Uruk_Blaschek_03_web-1536x983.jpg 1536w, http:\/\/baugeschichte.tuwien.ac.at\/website\/wp-content\/uploads\/2024\/05\/20240522_Uruk_Blaschek_03_web-2048x1311.jpg 2048w\" sizes=\"(max-width: 1024px) 100vw, 1024px\" \/><div class=\"eedee-background-div__overlay\" style=\"opacity:1;\"><\/div><\/div><div class=\"slide-content\">\n\n<p class=\"has-text-align-center gutenslider-content-initial has-larger-font-size\"><\/p>\n\n<\/div><\/div>\n\n<div class=\"swiper-slide wp-block-eedee-block-gutenslide is-position-center-center ed-bg-image\" style=\"--ed-vw:300;--ed-vh:192;\" data-hash=\"\"><div class=\"eedee-background-div bg-image\"><img width=\"1024\" height=\"655\" class=\"wp-image-10155\" src=\"http:\/\/baugeschichte.tuwien.ac.at\/website\/wp-content\/uploads\/2024\/05\/20240522_Uruk_Blaschek_02_web-1024x655.jpg\" alt=\"\" decoding=\"async\" style=\"object-fit: cover; object-position: 50% 50%;\"  data-caption=\"Univ.Prof. Marina D\u00f6ring, FoB Baugeschichte Bauforschung\" data-title=\"20240522_Uruk_Blaschek_02_web\" srcset=\"http:\/\/baugeschichte.tuwien.ac.at\/website\/wp-content\/uploads\/2024\/05\/20240522_Uruk_Blaschek_02_web-1024x655.jpg 1024w, http:\/\/baugeschichte.tuwien.ac.at\/website\/wp-content\/uploads\/2024\/05\/20240522_Uruk_Blaschek_02_web-300x192.jpg 300w, http:\/\/baugeschichte.tuwien.ac.at\/website\/wp-content\/uploads\/2024\/05\/20240522_Uruk_Blaschek_02_web-768x492.jpg 768w, http:\/\/baugeschichte.tuwien.ac.at\/website\/wp-content\/uploads\/2024\/05\/20240522_Uruk_Blaschek_02_web-50x32.jpg 50w, http:\/\/baugeschichte.tuwien.ac.at\/website\/wp-content\/uploads\/2024\/05\/20240522_Uruk_Blaschek_02_web-1600x1024.jpg 1600w, http:\/\/baugeschichte.tuwien.ac.at\/website\/wp-content\/uploads\/2024\/05\/20240522_Uruk_Blaschek_02_web-1536x983.jpg 1536w, http:\/\/baugeschichte.tuwien.ac.at\/website\/wp-content\/uploads\/2024\/05\/20240522_Uruk_Blaschek_02_web-2048x1311.jpg 2048w\" sizes=\"(max-width: 1024px) 100vw, 1024px\" \/><div class=\"eedee-background-div__overlay\" style=\"opacity:1;\"><\/div><\/div><div class=\"slide-content\">\n\n<p class=\"has-text-align-center gutenslider-content-initial has-larger-font-size\"><\/p>\n\n<\/div><\/div>\n\n<div class=\"swiper-slide wp-block-eedee-block-gutenslide is-position-center-center ed-bg-image\" style=\"--ed-vw:300;--ed-vh:192;\" data-hash=\"\"><div class=\"eedee-background-div bg-image\"><img width=\"1024\" height=\"655\" class=\"wp-image-10158\" src=\"http:\/\/baugeschichte.tuwien.ac.at\/website\/wp-content\/uploads\/2024\/05\/20240522_Uruk_Blaschek_05_web-1024x655.jpg\" alt=\"\" decoding=\"async\" style=\"object-fit: cover; object-position: 50% 50%;\"  data-caption=\"Jasmine Alia Blaschek\" data-title=\"20240522_Uruk_Blaschek_05_web\" srcset=\"http:\/\/baugeschichte.tuwien.ac.at\/website\/wp-content\/uploads\/2024\/05\/20240522_Uruk_Blaschek_05_web-1024x655.jpg 1024w, http:\/\/baugeschichte.tuwien.ac.at\/website\/wp-content\/uploads\/2024\/05\/20240522_Uruk_Blaschek_05_web-300x192.jpg 300w, http:\/\/baugeschichte.tuwien.ac.at\/website\/wp-content\/uploads\/2024\/05\/20240522_Uruk_Blaschek_05_web-768x492.jpg 768w, http:\/\/baugeschichte.tuwien.ac.at\/website\/wp-content\/uploads\/2024\/05\/20240522_Uruk_Blaschek_05_web-50x32.jpg 50w, http:\/\/baugeschichte.tuwien.ac.at\/website\/wp-content\/uploads\/2024\/05\/20240522_Uruk_Blaschek_05_web-1600x1024.jpg 1600w, http:\/\/baugeschichte.tuwien.ac.at\/website\/wp-content\/uploads\/2024\/05\/20240522_Uruk_Blaschek_05_web-1536x983.jpg 1536w, http:\/\/baugeschichte.tuwien.ac.at\/website\/wp-content\/uploads\/2024\/05\/20240522_Uruk_Blaschek_05_web-2048x1311.jpg 2048w\" sizes=\"(max-width: 1024px) 100vw, 1024px\" \/><div class=\"eedee-background-div__overlay\" style=\"opacity:1;\"><\/div><\/div><div class=\"slide-content\">\n\n<p class=\"has-text-align-center gutenslider-content-initial has-larger-font-size\"><\/p>\n\n<\/div><\/div>\n\n<div class=\"swiper-slide wp-block-eedee-block-gutenslide is-position-center-center ed-bg-image\" style=\"--ed-vw:300;--ed-vh:200;\" data-hash=\"\"><div class=\"eedee-background-div bg-image\"><img loading=\"lazy\" width=\"1024\" height=\"683\" class=\"wp-image-10160\" src=\"http:\/\/baugeschichte.tuwien.ac.at\/website\/wp-content\/uploads\/2024\/05\/20240522_Uruk_Blaschek_07_web-1024x683.jpg\" alt=\"\" decoding=\"async\" style=\"object-fit: cover; object-position: 50% 50%;\"  data-caption=\"Jasmine Alia Blaschek\" data-title=\"20240522_Uruk_Blaschek_07_web\" srcset=\"http:\/\/baugeschichte.tuwien.ac.at\/website\/wp-content\/uploads\/2024\/05\/20240522_Uruk_Blaschek_07_web-1024x683.jpg 1024w, http:\/\/baugeschichte.tuwien.ac.at\/website\/wp-content\/uploads\/2024\/05\/20240522_Uruk_Blaschek_07_web-300x200.jpg 300w, http:\/\/baugeschichte.tuwien.ac.at\/website\/wp-content\/uploads\/2024\/05\/20240522_Uruk_Blaschek_07_web-768x512.jpg 768w, http:\/\/baugeschichte.tuwien.ac.at\/website\/wp-content\/uploads\/2024\/05\/20240522_Uruk_Blaschek_07_web-50x33.jpg 50w, http:\/\/baugeschichte.tuwien.ac.at\/website\/wp-content\/uploads\/2024\/05\/20240522_Uruk_Blaschek_07_web-1600x1067.jpg 1600w, http:\/\/baugeschichte.tuwien.ac.at\/website\/wp-content\/uploads\/2024\/05\/20240522_Uruk_Blaschek_07_web-1536x1024.jpg 1536w, http:\/\/baugeschichte.tuwien.ac.at\/website\/wp-content\/uploads\/2024\/05\/20240522_Uruk_Blaschek_07_web-2048x1366.jpg 2048w\" sizes=\"(max-width: 1024px) 100vw, 1024px\" \/><div class=\"eedee-background-div__overlay\" style=\"opacity:1;\"><\/div><\/div><div class=\"slide-content\">\n\n<p class=\"has-text-align-center gutenslider-content-initial has-larger-font-size\"><\/p>\n\n<\/div><\/div>\n\n<div class=\"swiper-slide wp-block-eedee-block-gutenslide is-position-center-center ed-bg-image\" style=\"--ed-vw:300;--ed-vh:200;\" data-hash=\"\"><div class=\"eedee-background-div bg-image\"><img loading=\"lazy\" width=\"1024\" height=\"683\" class=\"wp-image-10161\" src=\"http:\/\/baugeschichte.tuwien.ac.at\/website\/wp-content\/uploads\/2024\/05\/20240522_Uruk_Blaschek_08_web-1024x683.jpg\" alt=\"\" decoding=\"async\" style=\"object-fit: cover; object-position: 50% 50%;\"  data-caption=\"Jasmine Alia Blaschek\" data-title=\"20240522_Uruk_Blaschek_08_web\" srcset=\"http:\/\/baugeschichte.tuwien.ac.at\/website\/wp-content\/uploads\/2024\/05\/20240522_Uruk_Blaschek_08_web-1024x683.jpg 1024w, http:\/\/baugeschichte.tuwien.ac.at\/website\/wp-content\/uploads\/2024\/05\/20240522_Uruk_Blaschek_08_web-300x200.jpg 300w, http:\/\/baugeschichte.tuwien.ac.at\/website\/wp-content\/uploads\/2024\/05\/20240522_Uruk_Blaschek_08_web-768x512.jpg 768w, http:\/\/baugeschichte.tuwien.ac.at\/website\/wp-content\/uploads\/2024\/05\/20240522_Uruk_Blaschek_08_web-50x33.jpg 50w, http:\/\/baugeschichte.tuwien.ac.at\/website\/wp-content\/uploads\/2024\/05\/20240522_Uruk_Blaschek_08_web-1600x1067.jpg 1600w, http:\/\/baugeschichte.tuwien.ac.at\/website\/wp-content\/uploads\/2024\/05\/20240522_Uruk_Blaschek_08_web-1536x1024.jpg 1536w, http:\/\/baugeschichte.tuwien.ac.at\/website\/wp-content\/uploads\/2024\/05\/20240522_Uruk_Blaschek_08_web-2048x1366.jpg 2048w\" sizes=\"(max-width: 1024px) 100vw, 1024px\" \/><div class=\"eedee-background-div__overlay\" style=\"opacity:1;\"><\/div><\/div><div class=\"slide-content\">\n\n<p class=\"has-text-align-center gutenslider-content-initial has-larger-font-size\"><\/p>\n\n<\/div><\/div>\n\n<div class=\"swiper-slide wp-block-eedee-block-gutenslide is-position-center-center ed-bg-image\" style=\"--ed-vw:300;--ed-vh:192;\" data-hash=\"\"><div class=\"eedee-background-div bg-image\"><img loading=\"lazy\" width=\"1024\" height=\"655\" class=\"wp-image-10163\" src=\"http:\/\/baugeschichte.tuwien.ac.at\/website\/wp-content\/uploads\/2024\/05\/20240522_Uruk_Blaschek_09_web-1024x655.jpg\" alt=\"\" decoding=\"async\" style=\"object-fit: cover; object-position: 50% 50%;\"  data-caption=\"Jasmine Alia Blaschek\" data-title=\"20240522_Uruk_Blaschek_09_web\" srcset=\"http:\/\/baugeschichte.tuwien.ac.at\/website\/wp-content\/uploads\/2024\/05\/20240522_Uruk_Blaschek_09_web-1024x655.jpg 1024w, http:\/\/baugeschichte.tuwien.ac.at\/website\/wp-content\/uploads\/2024\/05\/20240522_Uruk_Blaschek_09_web-300x192.jpg 300w, http:\/\/baugeschichte.tuwien.ac.at\/website\/wp-content\/uploads\/2024\/05\/20240522_Uruk_Blaschek_09_web-768x492.jpg 768w, http:\/\/baugeschichte.tuwien.ac.at\/website\/wp-content\/uploads\/2024\/05\/20240522_Uruk_Blaschek_09_web-50x32.jpg 50w, http:\/\/baugeschichte.tuwien.ac.at\/website\/wp-content\/uploads\/2024\/05\/20240522_Uruk_Blaschek_09_web-1600x1024.jpg 1600w, http:\/\/baugeschichte.tuwien.ac.at\/website\/wp-content\/uploads\/2024\/05\/20240522_Uruk_Blaschek_09_web-1536x983.jpg 1536w, http:\/\/baugeschichte.tuwien.ac.at\/website\/wp-content\/uploads\/2024\/05\/20240522_Uruk_Blaschek_09_web-2048x1311.jpg 2048w\" sizes=\"(max-width: 1024px) 100vw, 1024px\" \/><div class=\"eedee-background-div__overlay\" style=\"opacity:1;\"><\/div><\/div><div class=\"slide-content\">\n\n<p class=\"has-text-align-center gutenslider-content-initial has-larger-font-size\"><\/p>\n\n<\/div><\/div>\n\n<div class=\"swiper-slide wp-block-eedee-block-gutenslide is-position-center-center ed-bg-image\" style=\"--ed-vw:300;--ed-vh:200;\" data-hash=\"\"><div class=\"eedee-background-div bg-image\"><img loading=\"lazy\" width=\"1024\" height=\"683\" class=\"wp-image-10162\" src=\"http:\/\/baugeschichte.tuwien.ac.at\/website\/wp-content\/uploads\/2024\/05\/20240522_Uruk_Blaschek-10-1024x683.jpg\" alt=\"\" decoding=\"async\" style=\"object-fit: cover; object-position: 50% 50%;\"  data-caption=\"Jasmine Alia Blaschek\" data-title=\"20240522_Uruk_Blaschek-10\" srcset=\"http:\/\/baugeschichte.tuwien.ac.at\/website\/wp-content\/uploads\/2024\/05\/20240522_Uruk_Blaschek-10-1024x683.jpg 1024w, http:\/\/baugeschichte.tuwien.ac.at\/website\/wp-content\/uploads\/2024\/05\/20240522_Uruk_Blaschek-10-300x200.jpg 300w, http:\/\/baugeschichte.tuwien.ac.at\/website\/wp-content\/uploads\/2024\/05\/20240522_Uruk_Blaschek-10-768x512.jpg 768w, http:\/\/baugeschichte.tuwien.ac.at\/website\/wp-content\/uploads\/2024\/05\/20240522_Uruk_Blaschek-10-50x33.jpg 50w, http:\/\/baugeschichte.tuwien.ac.at\/website\/wp-content\/uploads\/2024\/05\/20240522_Uruk_Blaschek-10-1600x1067.jpg 1600w\" sizes=\"(max-width: 1024px) 100vw, 1024px\" \/><div class=\"eedee-background-div__overlay\" style=\"opacity:1;\"><\/div><\/div><div class=\"slide-content\">\n\n<p class=\"has-text-align-center gutenslider-content-initial has-larger-font-size\"><\/p>\n\n<\/div><\/div>\n\n<div class=\"swiper-slide wp-block-eedee-block-gutenslide is-position-center-center ed-bg-image\" style=\"--ed-vw:300;--ed-vh:192;\" data-hash=\"\"><div class=\"eedee-background-div bg-image\"><img loading=\"lazy\" width=\"1024\" height=\"655\" class=\"wp-image-10159\" src=\"http:\/\/baugeschichte.tuwien.ac.at\/website\/wp-content\/uploads\/2024\/05\/20240522_Uruk_Blaschek_06_web-1024x655.jpg\" alt=\"\" decoding=\"async\" style=\"object-fit: cover; object-position: 50% 50%;\"  data-caption=\"Univ.Prof. Marina D\u00f6ring, FoB Baugeschichte Bauforschung\" data-title=\"20240522_Uruk_Blaschek_06_web\" srcset=\"http:\/\/baugeschichte.tuwien.ac.at\/website\/wp-content\/uploads\/2024\/05\/20240522_Uruk_Blaschek_06_web-1024x655.jpg 1024w, http:\/\/baugeschichte.tuwien.ac.at\/website\/wp-content\/uploads\/2024\/05\/20240522_Uruk_Blaschek_06_web-300x192.jpg 300w, http:\/\/baugeschichte.tuwien.ac.at\/website\/wp-content\/uploads\/2024\/05\/20240522_Uruk_Blaschek_06_web-768x492.jpg 768w, http:\/\/baugeschichte.tuwien.ac.at\/website\/wp-content\/uploads\/2024\/05\/20240522_Uruk_Blaschek_06_web-50x32.jpg 50w, http:\/\/baugeschichte.tuwien.ac.at\/website\/wp-content\/uploads\/2024\/05\/20240522_Uruk_Blaschek_06_web-1600x1024.jpg 1600w, http:\/\/baugeschichte.tuwien.ac.at\/website\/wp-content\/uploads\/2024\/05\/20240522_Uruk_Blaschek_06_web-1536x983.jpg 1536w, http:\/\/baugeschichte.tuwien.ac.at\/website\/wp-content\/uploads\/2024\/05\/20240522_Uruk_Blaschek_06_web-2048x1311.jpg 2048w\" sizes=\"(max-width: 1024px) 100vw, 1024px\" \/><div class=\"eedee-background-div__overlay\" style=\"opacity:1;\"><\/div><\/div><div class=\"slide-content\">\n\n<p class=\"has-text-align-center gutenslider-content-initial has-larger-font-size\"><\/p>\n\n<\/div><\/div>\n\n<div class=\"swiper-slide wp-block-eedee-block-gutenslide is-position-center-center ed-bg-image\" style=\"--ed-vw:300;--ed-vh:192;\" data-hash=\"\"><div class=\"eedee-background-div bg-image\"><img loading=\"lazy\" width=\"1024\" height=\"655\" class=\"wp-image-10164\" src=\"http:\/\/baugeschichte.tuwien.ac.at\/website\/wp-content\/uploads\/2024\/05\/20240522_Uruk_Blaschek_10_web-1024x655.jpg\" alt=\"\" decoding=\"async\" style=\"object-fit: cover; object-position: 50% 50%;\"  data-caption=\"Andrea Rieger-Jandl, Netzwerk Lehm\" data-title=\"20240522_Uruk_Blaschek_10_web\" srcset=\"http:\/\/baugeschichte.tuwien.ac.at\/website\/wp-content\/uploads\/2024\/05\/20240522_Uruk_Blaschek_10_web-1024x655.jpg 1024w, http:\/\/baugeschichte.tuwien.ac.at\/website\/wp-content\/uploads\/2024\/05\/20240522_Uruk_Blaschek_10_web-300x192.jpg 300w, http:\/\/baugeschichte.tuwien.ac.at\/website\/wp-content\/uploads\/2024\/05\/20240522_Uruk_Blaschek_10_web-768x492.jpg 768w, http:\/\/baugeschichte.tuwien.ac.at\/website\/wp-content\/uploads\/2024\/05\/20240522_Uruk_Blaschek_10_web-50x32.jpg 50w, http:\/\/baugeschichte.tuwien.ac.at\/website\/wp-content\/uploads\/2024\/05\/20240522_Uruk_Blaschek_10_web-1600x1024.jpg 1600w, http:\/\/baugeschichte.tuwien.ac.at\/website\/wp-content\/uploads\/2024\/05\/20240522_Uruk_Blaschek_10_web-1536x983.jpg 1536w, http:\/\/baugeschichte.tuwien.ac.at\/website\/wp-content\/uploads\/2024\/05\/20240522_Uruk_Blaschek_10_web-2048x1311.jpg 2048w\" sizes=\"(max-width: 1024px) 100vw, 1024px\" \/><div class=\"eedee-background-div__overlay\" style=\"opacity:1;\"><\/div><\/div><div class=\"slide-content\">\n\n<p class=\"has-text-align-center gutenslider-content-initial has-larger-font-size\"><\/p>\n\n<\/div><\/div>\n\n<div class=\"swiper-slide wp-block-eedee-block-gutenslide is-position-center-center ed-bg-image\" style=\"--ed-vw:300;--ed-vh:192;\" data-hash=\"\"><div class=\"eedee-background-div bg-image\"><img loading=\"lazy\" width=\"1024\" height=\"655\" class=\"wp-image-10154\" src=\"http:\/\/baugeschichte.tuwien.ac.at\/website\/wp-content\/uploads\/2024\/05\/20240522_Uruk_Blaschek_01_web-1024x655.jpg\" alt=\"\" decoding=\"async\" style=\"object-fit: cover; object-position: 50% 50%;\"  data-caption=\"Vize-Pr\u00e4sident ICOMOS Austria\" data-title=\"20240522_Uruk_Blaschek_01_web\" srcset=\"http:\/\/baugeschichte.tuwien.ac.at\/website\/wp-content\/uploads\/2024\/05\/20240522_Uruk_Blaschek_01_web-1024x655.jpg 1024w, http:\/\/baugeschichte.tuwien.ac.at\/website\/wp-content\/uploads\/2024\/05\/20240522_Uruk_Blaschek_01_web-300x192.jpg 300w, http:\/\/baugeschichte.tuwien.ac.at\/website\/wp-content\/uploads\/2024\/05\/20240522_Uruk_Blaschek_01_web-768x492.jpg 768w, http:\/\/baugeschichte.tuwien.ac.at\/website\/wp-content\/uploads\/2024\/05\/20240522_Uruk_Blaschek_01_web-50x32.jpg 50w, http:\/\/baugeschichte.tuwien.ac.at\/website\/wp-content\/uploads\/2024\/05\/20240522_Uruk_Blaschek_01_web-1600x1024.jpg 1600w, http:\/\/baugeschichte.tuwien.ac.at\/website\/wp-content\/uploads\/2024\/05\/20240522_Uruk_Blaschek_01_web-1536x983.jpg 1536w, http:\/\/baugeschichte.tuwien.ac.at\/website\/wp-content\/uploads\/2024\/05\/20240522_Uruk_Blaschek_01_web-2048x1311.jpg 2048w\" sizes=\"(max-width: 1024px) 100vw, 1024px\" \/><div class=\"eedee-background-div__overlay\" style=\"opacity:1;\"><\/div><\/div><div class=\"slide-content\">\n\n<p class=\"has-text-align-center gutenslider-content-initial has-larger-font-size\"><\/p>\n\n<\/div><\/div>\n<\/div><\/div><button class=\"eedee-gutenslider-nav eedee-gutenslider-prev\"><svg xmlns=\"http:\/\/www.w3.org\/2000\/svg\" viewBox=\"0 0 24 24\" width=\"24\" height=\"24\"><circle class=\"bg\" cx=\"13\" cy=\"12\" r=\"11\" \/><path fill=\"none\" d=\"M0 0h24v24H0z\"\/><path class=\"arrow\" d=\"M10.828 12l4.95 4.95-1.414 1.414L8 12l6.364-6.364 1.414 1.414z\"\/><\/svg><\/button><button class=\"eedee-gutenslider-nav eedee-gutenslider-next\"><svg xmlns=\"http:\/\/www.w3.org\/2000\/svg\" viewBox=\"0 0 24 24\" width=\"24\" height=\"24\"><circle class=\"bg\" cx=\"11\" cy=\"12\" r=\"11\" \/><path fill=\"none\" d=\"M0 0h24v24H0z\"\/><path class=\"arrow\" d=\"M13.172 12l-4.95-4.95 1.414-1.414L16 12l-6.364 6.364-1.414-1.414z\"\/><\/svg><\/button><div class=\"eedee-gutenslider-pagination\"><\/div><div class=\"gutenslider-divider-bottom \" style=\"color:#fff;\"><\/div><\/div><\/div>\n\n\n<div style=\"height:10px\" aria-hidden=\"true\" class=\"wp-block-spacer\"><\/div>\n\n\n\n<p class=\"has-text-align-center has-small-font-size\">Fotos: Birgit Glocker<br>Beitragsbild: Bildrechte \u00a9\ufe0f \ud835\ude11. \ud835\ude08. \ud835\ude09\ud835\ude2d\ud835\ude22\ud835\ude34\ud835\ude24\ud835\ude29\ud835\ude26\ud835\ude2c, \ud835\ude21\ud835\ude19\ud835\ude1a\ud835\ude10<\/p>\n\n\n\n<p><\/p>\n\n\n\n<div style=\"height:50px\" aria-hidden=\"true\" class=\"wp-block-spacer\"><\/div>\n","protected":false},"excerpt":{"rendered":"<p>Bauen und Konservieren mit Baulehm in Uruk, Mesopotamien, heutiges S\u00fcdirak Gastvortrag von Jasmine Alia BlaschekMi., 22.05.2024,19:00 Uhr | Karlsplatz 13, H\u00f6rsaal 7 Jasmine Alia Blaschek studierte Architektur an der TU Wien. Ihre Diplomarbeit &#8220;Ausgerechnet Lehm &#8211; Praktische Perspektiven f\u00fcr den Lehmbau in \u00d6sterreich&#8221; am Institut f\u00fcr Kunstgeschichte, Bauforschung und Denkmalpflege behandelte das Potential von Lehm [&hellip;]<\/p>\n","protected":false},"author":2,"featured_media":10055,"comment_status":"open","ping_status":"open","sticky":false,"template":"","format":"standard","meta":{"_acf_changed":false,"footnotes":""},"categories":[35],"tags":[50,62,37,63],"class_list":["post-10151","post","type-post","status-publish","format-standard","has-post-thumbnail","hentry","category-veranstaltungen","tag-architektur","tag-ausereuropaisch","tag-lehmbau","tag-vortrag"],"acf":[],"rttpg_featured_image_url":{"full":["http:\/\/baugeschichte.tuwien.ac.at\/website\/wp-content\/uploads\/2020\/11\/20240506_Vortrag_Baulehm_Uruk_01.jpg",2000,1333,false],"landscape":["http:\/\/baugeschichte.tuwien.ac.at\/website\/wp-content\/uploads\/2020\/11\/20240506_Vortrag_Baulehm_Uruk_01.jpg",2000,1333,false],"portraits":["http:\/\/baugeschichte.tuwien.ac.at\/website\/wp-content\/uploads\/2020\/11\/20240506_Vortrag_Baulehm_Uruk_01.jpg",2000,1333,false],"thumbnail":["http:\/\/baugeschichte.tuwien.ac.at\/website\/wp-content\/uploads\/2020\/11\/20240506_Vortrag_Baulehm_Uruk_01-150x150.jpg",150,150,true],"medium":["http:\/\/baugeschichte.tuwien.ac.at\/website\/wp-content\/uploads\/2020\/11\/20240506_Vortrag_Baulehm_Uruk_01-300x200.jpg",300,200,true],"large":["http:\/\/baugeschichte.tuwien.ac.at\/website\/wp-content\/uploads\/2020\/11\/20240506_Vortrag_Baulehm_Uruk_01-1024x682.jpg",800,533,true],"gs-tiny":["http:\/\/baugeschichte.tuwien.ac.at\/website\/wp-content\/uploads\/2020\/11\/20240506_Vortrag_Baulehm_Uruk_01-50x33.jpg",50,33,true],"xl":["http:\/\/baugeschichte.tuwien.ac.at\/website\/wp-content\/uploads\/2020\/11\/20240506_Vortrag_Baulehm_Uruk_01-1600x1066.jpg",1600,1066,true],"xxl":["http:\/\/baugeschichte.tuwien.ac.at\/website\/wp-content\/uploads\/2020\/11\/20240506_Vortrag_Baulehm_Uruk_01.jpg",2000,1333,false],"xxxl":["http:\/\/baugeschichte.tuwien.ac.at\/website\/wp-content\/uploads\/2020\/11\/20240506_Vortrag_Baulehm_Uruk_01.jpg",2000,1333,false],"xxxxl":["http:\/\/baugeschichte.tuwien.ac.at\/website\/wp-content\/uploads\/2020\/11\/20240506_Vortrag_Baulehm_Uruk_01.jpg",2000,1333,false],"xxxxxl":["http:\/\/baugeschichte.tuwien.ac.at\/website\/wp-content\/uploads\/2020\/11\/20240506_Vortrag_Baulehm_Uruk_01.jpg",2000,1333,false],"1536x1536":["http:\/\/baugeschichte.tuwien.ac.at\/website\/wp-content\/uploads\/2020\/11\/20240506_Vortrag_Baulehm_Uruk_01-1536x1024.jpg",1536,1024,true],"2048x2048":["http:\/\/baugeschichte.tuwien.ac.at\/website\/wp-content\/uploads\/2020\/11\/20240506_Vortrag_Baulehm_Uruk_01.jpg",2000,1333,false],"tp-image-grid":["http:\/\/baugeschichte.tuwien.ac.at\/website\/wp-content\/uploads\/2020\/11\/20240506_Vortrag_Baulehm_Uruk_01-700x700.jpg",700,700,true]},"rttpg_author":{"display_name":"Margit","author_link":"http:\/\/baugeschichte.tuwien.ac.at\/website\/author\/margit\/"},"rttpg_comment":0,"rttpg_category":"<a href=\"http:\/\/baugeschichte.tuwien.ac.at\/website\/category\/veranstaltungen\/\" rel=\"category tag\">Veranstaltungen<\/a>","rttpg_excerpt":"Bauen und Konservieren mit Baulehm in Uruk, Mesopotamien, heutiges S\u00fcdirak Gastvortrag von Jasmine Alia BlaschekMi., 22.05.2024,19:00 Uhr | Karlsplatz 13, H\u00f6rsaal 7 Jasmine Alia Blaschek studierte Architektur an der TU Wien. Ihre Diplomarbeit &#8220;Ausgerechnet Lehm &#8211; Praktische Perspektiven f\u00fcr den Lehmbau in \u00d6sterreich&#8221; am Institut f\u00fcr Kunstgeschichte, Bauforschung und Denkmalpflege behandelte das Potential von Lehm&hellip;","_links":{"self":[{"href":"http:\/\/baugeschichte.tuwien.ac.at\/website\/wp-json\/wp\/v2\/posts\/10151","targetHints":{"allow":["GET"]}}],"collection":[{"href":"http:\/\/baugeschichte.tuwien.ac.at\/website\/wp-json\/wp\/v2\/posts"}],"about":[{"href":"http:\/\/baugeschichte.tuwien.ac.at\/website\/wp-json\/wp\/v2\/types\/post"}],"author":[{"embeddable":true,"href":"http:\/\/baugeschichte.tuwien.ac.at\/website\/wp-json\/wp\/v2\/users\/2"}],"replies":[{"embeddable":true,"href":"http:\/\/baugeschichte.tuwien.ac.at\/website\/wp-json\/wp\/v2\/comments?post=10151"}],"version-history":[{"count":0,"href":"http:\/\/baugeschichte.tuwien.ac.at\/website\/wp-json\/wp\/v2\/posts\/10151\/revisions"}],"wp:featuredmedia":[{"embeddable":true,"href":"http:\/\/baugeschichte.tuwien.ac.at\/website\/wp-json\/wp\/v2\/media\/10055"}],"wp:attachment":[{"href":"http:\/\/baugeschichte.tuwien.ac.at\/website\/wp-json\/wp\/v2\/media?parent=10151"}],"wp:term":[{"taxonomy":"category","embeddable":true,"href":"http:\/\/baugeschichte.tuwien.ac.at\/website\/wp-json\/wp\/v2\/categories?post=10151"},{"taxonomy":"post_tag","embeddable":true,"href":"http:\/\/baugeschichte.tuwien.ac.at\/website\/wp-json\/wp\/v2\/tags?post=10151"}],"curies":[{"name":"wp","href":"https:\/\/api.w.org\/{rel}","templated":true}]}}