{"id":11490,"date":"2025-02-14T14:36:17","date_gmt":"2025-02-14T13:36:17","guid":{"rendered":"http:\/\/baugeschichte.tuwien.ac.at\/website\/?p=11490"},"modified":"2025-05-05T15:32:36","modified_gmt":"2025-05-05T13:32:36","slug":"studientage-sakralbau-im-stadtebaulichen-kontext-3","status":"publish","type":"post","link":"http:\/\/baugeschichte.tuwien.ac.at\/website\/studientage-sakralbau-im-stadtebaulichen-kontext-3\/","title":{"rendered":"Studientage <br>&#8220;Sakralbau im st\u00e4dtebaulichen Kontext&#8221;"},"content":{"rendered":"\n<h2 class=\"wp-block-heading has-text-align-center\">Studientage &#8220;Sakralbau im st\u00e4dtebaulichen Kontext&#8221;                          29. &amp; 30. J\u00e4nner 2025<\/h2>\n\n\n\n<div style=\"height:20px\" aria-hidden=\"true\" class=\"wp-block-spacer\"><\/div>\n\n\n<p>Sakralbauten, die von Beginn an zu den Ikonen und einflussreichsten Projekten in der Baugeschichte z\u00e4hlen, verlieren auch im neuen Millennium nicht an Bedeutung und Brisanz. Weltweit sehen wir uns mit dem Trend konfrontiert, dass Kirchen, Synagogen und Moscheen heute zunehmend in einer dezidiert zeitgen\u00f6ssischen Architektursprache entworfen und gebaut werden sollen. Bedeutet diese Entwicklung gleichzeitig den Verlust der vertrauten architektonischen Merkmale und deren Symbolik? Verliert der Gl\u00e4ubige seinen Anspruch darauf? Wie gehen die Gl\u00e4ubigen mit dieser Tendenz des 21. Jahrhunderts um?<\/p>\n<p>Im Rahmen\u00a0zweier Studientage werden diese Trends, Entwicklungen und Meinungen sowie aktuelle Wettbewerbe, Planungen und Beispiele von Umbau und ver\u00e4nderter Nutzung sakraler Architektur der j\u00fcngeren Vergangenheit vorgestellt und diskutiert. In diesem Jahr liegt der Schwerpunkt auf der Rolle des Sakralbaus im st\u00e4dtebaulichen Kontext als kollektives Eigentum.<\/p>\n<p>Zu den Vortr\u00e4gen eingeladen sind Expert*innen aus Architektur und St\u00e4dtebau, Kultur, Religion, Wissenschaft und Politik. Sie zeigen L\u00f6sungsvorschl\u00e4ge auf, berichten und kommentieren zum anderen aber auch die damit verbundenen Reaktionen der betroffenen Gemeinschaften. Gleichzeitig steht damit die T\u00e4tigkeit der Architekt*innen, Planer*innen und aller Verantwortlichen im Fokus.<\/p>\n<p><!-- \/wp:post-content --><\/p>\n<p><!-- wp:spacer {\"height\":\"30px\"} --><\/p>\n<p><!-- \/wp:spacer --><\/p>\n<p style=\"text-align: center;\"><!-- \/wp:heading --><\/p>\n<p style=\"text-align: center;\"><!-- wp:paragraph {\"align\":\"center\"} --><\/p>\n<p><!-- \/wp:paragraph --><\/p>\n<p><!-- wp:spacer {\"height\":\"78px\"} --><\/p>\n<p><!-- wp:spacer {\"height\":\"50px\"} --><\/p>\n<p><!-- \/wp:spacer --><\/p>\n<p><!-- wp:heading {\"textAlign\":\"center\"} --><\/p>\n<h2>\u00a0<\/h2>\n<h2 style=\"text-align: center;\">Programm<\/h2>\n<p><!-- \/wp:heading --><\/p>\n<p><!-- wp:spacer {\"height\":\"20px\"} --><\/p>\n<p><!-- \/wp:spacer --><\/p>\n<p><!-- wp:spacer {\"height\":\"20px\"} --><\/p>\n<p><!-- \/wp:spacer --><\/p>\n<p><!-- wp:columns --><\/p>\n<p><!-- wp:column --><br \/><!-- wp:freeform --><\/p>\n<p><!-- \/wp:paragraph --><!-- wp:paragraph --><\/p>\n<p><!-- \/wp:paragraph --><!-- wp:paragraph --><\/p>\n<p><!-- wp:spacer {\"height\":\"62px\"} --><\/p>\n<p><!-- \/wp:spacer --><\/p>\n<p><!-- wp:heading {\"textAlign\":\"center\"} --><\/p>\n<p style=\"text-align: center;\"><strong>Mittwoch, 29. Jan 2025<\/strong><\/p>\n<p style=\"text-align: center;\">09:30 Uhr<br \/>Einf\u00fchrung Dr. Negar Hakim<\/p>\n<p style=\"text-align: center;\">10 Uhr<br \/><a href=\"mailto:stefanie.lieb@uni-koeln.de\">Prof. Stefanie Lieb<\/a>\u00a0(Uni K\u00f6ln)<br \/><i><\/i><a href=\"https:\/\/khi.phil-fak.uni-koeln.de\/wissenschaftliche-homepages\/lieb\/apl-prof-dr-phil-stefanie-lieb\">Nachkriegskirchen als gesellschaftliche Resonanzr\u00e4ume der Demokratie \u2013 damals und heute<\/a><\/p>\n<p style=\"text-align: center;\">11 Uhr<br \/><a href=\"tefan.netsch@fh-salzburg.ac.at\">Prof. Stefan Netsch<\/a> (FH Salzburg)<br \/><a href=\"https:\/\/www.fh-salzburg.ac.at\/personen\/stefan-netsch\">Kirchen &#8211; Weiterentwickeln in den Niederlanden: <\/a><br \/><a href=\"https:\/\/www.fh-salzburg.ac.at\/personen\/stefan-netsch\">Die L\u00f6sung liegt vor der Kirchent\u00fcr<\/a><\/p>\n<p style=\"text-align: center;\">12 Uhr<br \/><a href=\"mailto:helmut.jakob.deibl@univie.ac.at\">Prof. Helmut Jakob Deibl<\/a><br \/>(Universit\u00e4t Wien)<br \/><a href=\"https:\/\/ucrisportal.univie.ac.at\/de\/persons\/helmut-jakob-deibl\">Bruch und Kontinuum: Sakralbauten im Stadtraum<\/a><\/p>\n<p style=\"text-align: center;\">\/\/ PAUSE \/\/<\/p>\n<p style=\"text-align: center;\">14 Uhr<br \/><a href=\"mailto:katharina.limacher@univie.ac.at\">Dr. phil. Katharina Limacher<\/a><br \/>(Universit\u00e4t Wien)<br \/><a href=\"https:\/\/www.religionandtransformation.at\/mitglieder\/wissenschafterinnen-detailinformationen\/katharina-limacher\/\">doing mandir \u2013 hinduistische Tempelr\u00e4ume und Tempelpraktiken in der Schweiz und \u00d6sterreich<\/a><\/p>\n<p style=\"text-align: center;\">15 Uhr<br \/><a href=\"mailto:ivica.brnic@tuwien.ac.at\">Prof. Dr. Ivica Brni\u0107<\/a>\u00a0(TU Wien)<br \/><a href=\"https:\/\/www.tuwien.at\/academicpress\/autoren\/ivica-brnic\/\">Vom Handwerk zur H\u00f6he \u2013 Architektur als metaphysisches Potenzial des Bauens<\/a><\/p>\n<p style=\"text-align: center;\">16 Uhr<\/p>\n<p style=\"text-align: center;\"><a href=\"mailto:va@vaarchitekten.com\">Arch. Oliver Aschenbrenner<\/a><strong><br \/><\/strong>(Veit Aschenbrenner Architekten)<br \/><a href=\"http:\/\/www.vaarchitekten.com\">Gestimmte R\u00e4ume \u2013 <br \/>Liturgie und St\u00e4dtebau im Dialog<\/a><\/p>\n<p style=\"text-align: center;\">17 Uhr<\/p>\n<p style=\"text-align: center;\"><a href=\"mailto:andreas.zeese@tuwien.ac.at\">Arch.\u00a0Andreas Zeese\u00a0<\/a><br \/>(Andreas Zeese, Arch.\u00a0ZT)<br \/><a href=\"https:\/\/www.zeese.eu\">Sakralraum und Stadtraum &#8211; <br \/>\u00dcberlegungen zum Verh\u00e4ltnis zwischen Kirchenbau und \u00f6ffentlichem Raum in Wien<\/a><\/p>\n<p><!-- \/wp:freeform --><\/p>\n<p><!-- \/wp:column --><\/p>\n<p><!-- wp:column --><\/p>\n<p><!-- wp:freeform --><\/p>\n<p style=\"text-align: center;\"><strong>Donnerstag, 30. Jan 2025<\/strong><\/p>\n<p style=\"text-align: center;\">10 Uhr <br \/><a href=\"mailto:fluidmotiona@yahoo.com\">Arch.\u00a0Reza Daneshmir<\/a>\u00a0(Fluid Motion Architects)<br \/><a href=\"https:\/\/fma.co.com\/about-us\/\">The Persistence of Memory<\/a><\/p>\n<p style=\"text-align: center;\"><!-- \/wp:paragraph --><\/p>\n<p style=\"text-align: center;\"><!-- wp:paragraph {\"align\":\"center\"} --><\/p>\n<p style=\"text-align: center;\"><!-- \/wp:paragraph --><!-- wp:paragraph {\"align\":\"center\"} --><\/p>\n<p style=\"text-align: center;\">11 Uhr<\/p>\n<p style=\"text-align: center;\"><a href=\"mailto:ratish.nanda@akdn.org\">Dr. Ratish Nanda\u00a0<\/a>| CEO <br \/>(AGA KHAN TRUST FOR CULTURE)<br \/><a href=\"http:\/\/www.nizamuddinrenewal.org\/\">Nizamuddin, the Sacred Landscape of Delhi<\/a><\/p>\n<p style=\"text-align: center;\">12\u00a0 Uhr <br \/>STUDENT SESSION<br \/>Florian Peters &amp;\u00a0Brusch, Naemi<br \/>Vom Zentrum zum R\u00fcckzug &#8211; <br \/>Unauff\u00e4lligkeit als Bedeutungsmerkmal?<\/p>\n<p style=\"text-align: center;\">\/\/ PAUSE \/\/<\/p>\n<p><!-- \/wp:paragraph --><!-- wp:paragraph {\"align\":\"center\"} --><\/p>\n<p style=\"text-align: center;\">14 Uhr<br \/><a href=\"mailto:e.holzhausen@edw.or.at\">Mag. Elena Holzhausen<\/a> <br \/>(Di\u00f6zesankonservatorin, Erzdi\u00f6zese\u00a0Wien)<br \/>\u00a0 \u00a0<a href=\"https:\/\/www.erzdioezese-wien.at\/unit\/presse\/personen\/vita\/article\/89054.html\"><em>Muss Gott die Charta von Venedig lesen, wenn er auszieht?\u00a0<\/em><em>\u00dcberlegungen zur Erweiterung der Charta von Venedig, um dem Verlust kirchlicher Denkm\u00e4ler vorzubeugen<\/em><\/a><em>\u00a0<\/em><\/p>\n<p style=\"text-align: center;\">15 Uhr <br \/><a href=\"mailto:nt@biant.ro\">Dr. Arch. Nicolae Daniel Tulban<\/a> <br \/>(RO OAR BVCVHR)<br \/><a href=\"https:\/\/www.biant.ro\/de\">Die gestalterische Sprache der orthodoxen Kirchenarchitektur<\/a><\/p>\n<p style=\"text-align: center;\">16 Uhr<\/p>\n<p style=\"text-align: center;\"><a href=\"mailto:Martin.Bredenbeck@vorstand.kunstgeschichte.org\">Dr. Martin Bredenbeck<\/a><br \/>(Fachverband f\u00fcr Kunsthistoriker*innen in Deutschland)<br \/>\u00a0Kultur auf der \u201eRoten Liste\u201c? Perspektiven f\u00fcr die Zukunft von Kirchengeb\u00e4uden in Deutschland<\/p>\n<p style=\"text-align: center;\"><em>\u00a0<\/em>17 Uhr<\/p>\n<p style=\"text-align: center;\"><a href=\"mailto:mahsehi@gmail.com\">Dr.\u00a0<\/a><a href=\"mailto:mahsehi@gmail.com\">Mahshid Sehizadeh\u00a0<\/a><br \/>(Universit\u00e4t Iran-Hamedan)<br \/>\u00a0Iranian mosque in the urban context, past and present<\/p>\n<p><!-- \/wp:freeform --><\/p>\n<p><!-- \/wp:paragraph --><\/p>\n<p><!-- wp:spacer {\"height\":\"50px\"} --><\/p>\n<p><!-- \/wp:spacer --><\/p>\n<p><!-- wp:heading {\"textAlign\":\"center\"} --><\/p>\n<h2 style=\"text-align: center;\">Zoom Link<\/h2>\n<p><!-- \/wp:heading --><\/p>\n<p><!-- \/wp:columns --><\/p>\n<p><!-- wp:spacer {\"height\":\"30px\"} --><\/p>\n<p><!-- \/wp:spacer --><\/p>\n<p style=\"text-align: center;\"><!-- \/wp:heading --><\/p>\n<p style=\"text-align: center;\"><!-- wp:paragraph {\"align\":\"center\"} --><\/p>\n<p style=\"text-align: center;\">Zeit: 29.01. und 30.01.2025<br \/>09:30 bis 19:00 Uhr<br \/>Format der Abhaltung: Pr\u00e4senz<\/p>\n<p style=\"text-align: center;\"><a href=\"https:\/\/tiss.tuwien.ac.at\/events\/roomSchedule.xhtml?roomCode=H7&amp;initialDate=20250129\" target=\"_blank\" rel=\"noopener\">TU WIEN, Karlsplatz 13, 1040 Wien<br \/>HS 7 Sch\u00fctte-Lihotzky &#8211; ARCH<\/a><\/p>\n<p><!-- wp:spacer {\"height\":\"30px\"} --><\/p>\n<p><!-- \/wp:spacer --><\/p>\n<p><!-- wp:paragraph --><\/p>\n<p><strong>Kontakt:<\/strong><br \/>Dr. Negar Hakim<br \/>Transferable Skill | 2.0 ECTS<br \/>LVA 251.852<br \/><a href=\"https:\/\/tiss.tuwien.ac.at\/course\/courseDetails.xhtml?dswid=9761&amp;dsrid=153&amp;semester=2024W&amp;courseNr=251852\">Weitere Infos auf TISS<\/a><\/p>\n<p><!-- \/wp:paragraph --><\/p>","protected":false},"excerpt":{"rendered":"<p>Studientage &#8220;Sakralbau im st\u00e4dtebaulichen Kontext&#8221; 29. &amp; 30. J\u00e4nner 2025 Sakralbauten, die von Beginn an zu den Ikonen und einflussreichsten Projekten in der Baugeschichte z\u00e4hlen, verlieren auch im neuen Millennium nicht an Bedeutung und Brisanz. Weltweit sehen wir uns mit dem Trend konfrontiert, dass Kirchen, Synagogen und Moscheen heute zunehmend in einer dezidiert zeitgen\u00f6ssischen Architektursprache [&hellip;]<\/p>\n","protected":false},"author":2,"featured_media":11500,"comment_status":"open","ping_status":"open","sticky":false,"template":"","format":"standard","meta":{"_acf_changed":false,"footnotes":""},"categories":[98,35],"tags":[31,59],"class_list":["post-11490","post","type-post","status-publish","format-standard","has-post-thumbnail","hentry","category-studientage","category-veranstaltungen","tag-moscheen","tag-studientage"],"acf":[],"rttpg_featured_image_url":{"full":["http:\/\/baugeschichte.tuwien.ac.at\/website\/wp-content\/uploads\/2025\/02\/studientage_01.jpg",2000,1414,false],"landscape":["http:\/\/baugeschichte.tuwien.ac.at\/website\/wp-content\/uploads\/2025\/02\/studientage_01.jpg",2000,1414,false],"portraits":["http:\/\/baugeschichte.tuwien.ac.at\/website\/wp-content\/uploads\/2025\/02\/studientage_01.jpg",2000,1414,false],"thumbnail":["http:\/\/baugeschichte.tuwien.ac.at\/website\/wp-content\/uploads\/2025\/02\/studientage_01-150x150.jpg",150,150,true],"medium":["http:\/\/baugeschichte.tuwien.ac.at\/website\/wp-content\/uploads\/2025\/02\/studientage_01-300x212.jpg",300,212,true],"large":["http:\/\/baugeschichte.tuwien.ac.at\/website\/wp-content\/uploads\/2025\/02\/studientage_01-1024x724.jpg",800,566,true],"gs-tiny":["http:\/\/baugeschichte.tuwien.ac.at\/website\/wp-content\/uploads\/2025\/02\/studientage_01-50x35.jpg",50,35,true],"xl":["http:\/\/baugeschichte.tuwien.ac.at\/website\/wp-content\/uploads\/2025\/02\/studientage_01-1600x1131.jpg",1600,1131,true],"xxl":["http:\/\/baugeschichte.tuwien.ac.at\/website\/wp-content\/uploads\/2025\/02\/studientage_01.jpg",2000,1414,false],"xxxl":["http:\/\/baugeschichte.tuwien.ac.at\/website\/wp-content\/uploads\/2025\/02\/studientage_01.jpg",2000,1414,false],"xxxxl":["http:\/\/baugeschichte.tuwien.ac.at\/website\/wp-content\/uploads\/2025\/02\/studientage_01.jpg",2000,1414,false],"xxxxxl":["http:\/\/baugeschichte.tuwien.ac.at\/website\/wp-content\/uploads\/2025\/02\/studientage_01.jpg",2000,1414,false],"1536x1536":["http:\/\/baugeschichte.tuwien.ac.at\/website\/wp-content\/uploads\/2025\/02\/studientage_01-1536x1086.jpg",1536,1086,true],"2048x2048":["http:\/\/baugeschichte.tuwien.ac.at\/website\/wp-content\/uploads\/2025\/02\/studientage_01.jpg",2000,1414,false],"tp-image-grid":["http:\/\/baugeschichte.tuwien.ac.at\/website\/wp-content\/uploads\/2025\/02\/studientage_01-700x700.jpg",700,700,true]},"rttpg_author":{"display_name":"Margit","author_link":"http:\/\/baugeschichte.tuwien.ac.at\/website\/author\/margit\/"},"rttpg_comment":0,"rttpg_category":"<a href=\"http:\/\/baugeschichte.tuwien.ac.at\/website\/category\/studientage\/\" rel=\"category tag\">Studientage<\/a> <a href=\"http:\/\/baugeschichte.tuwien.ac.at\/website\/category\/veranstaltungen\/\" rel=\"category tag\">Veranstaltungen<\/a>","rttpg_excerpt":"Studientage &#8220;Sakralbau im st\u00e4dtebaulichen Kontext&#8221; 29. &amp; 30. J\u00e4nner 2025 Sakralbauten, die von Beginn an zu den Ikonen und einflussreichsten Projekten in der Baugeschichte z\u00e4hlen, verlieren auch im neuen Millennium nicht an Bedeutung und Brisanz. Weltweit sehen wir uns mit dem Trend konfrontiert, dass Kirchen, Synagogen und Moscheen heute zunehmend in einer dezidiert zeitgen\u00f6ssischen Architektursprache&hellip;","_links":{"self":[{"href":"http:\/\/baugeschichte.tuwien.ac.at\/website\/wp-json\/wp\/v2\/posts\/11490","targetHints":{"allow":["GET"]}}],"collection":[{"href":"http:\/\/baugeschichte.tuwien.ac.at\/website\/wp-json\/wp\/v2\/posts"}],"about":[{"href":"http:\/\/baugeschichte.tuwien.ac.at\/website\/wp-json\/wp\/v2\/types\/post"}],"author":[{"embeddable":true,"href":"http:\/\/baugeschichte.tuwien.ac.at\/website\/wp-json\/wp\/v2\/users\/2"}],"replies":[{"embeddable":true,"href":"http:\/\/baugeschichte.tuwien.ac.at\/website\/wp-json\/wp\/v2\/comments?post=11490"}],"version-history":[{"count":0,"href":"http:\/\/baugeschichte.tuwien.ac.at\/website\/wp-json\/wp\/v2\/posts\/11490\/revisions"}],"wp:featuredmedia":[{"embeddable":true,"href":"http:\/\/baugeschichte.tuwien.ac.at\/website\/wp-json\/wp\/v2\/media\/11500"}],"wp:attachment":[{"href":"http:\/\/baugeschichte.tuwien.ac.at\/website\/wp-json\/wp\/v2\/media?parent=11490"}],"wp:term":[{"taxonomy":"category","embeddable":true,"href":"http:\/\/baugeschichte.tuwien.ac.at\/website\/wp-json\/wp\/v2\/categories?post=11490"},{"taxonomy":"post_tag","embeddable":true,"href":"http:\/\/baugeschichte.tuwien.ac.at\/website\/wp-json\/wp\/v2\/tags?post=11490"}],"curies":[{"name":"wp","href":"https:\/\/api.w.org\/{rel}","templated":true}]}}