{"id":1996,"date":"2021-01-01T12:45:08","date_gmt":"2021-01-01T11:45:08","guid":{"rendered":"http:\/\/baugeschichte.tuwien.ac.at\/website\/?p=1996"},"modified":"2021-09-29T10:32:29","modified_gmt":"2021-09-29T08:32:29","slug":"icomos-vortrag","status":"publish","type":"post","link":"http:\/\/baugeschichte.tuwien.ac.at\/website\/icomos-vortrag\/","title":{"rendered":"ICOMOS Vortrag"},"content":{"rendered":"\n<h2 class=\"wp-block-heading\"><strong>Zeitgen\u00f6ssische Architektur in Welterbegebieten in Ungarn<\/strong><\/h2>\n\n\n\n<p><\/p>\n\n\n\n<p>Wir m\u00f6chten Sie zum Vortrag von Andr\u00e1s Ve\u00f6re\u00f6s am <strong>21.01.2021<\/strong> um <strong>19 Uhr<\/strong> zu zeitgen\u00f6ssischer Architektur in den Weltergebieten Ungarns einladen. <\/p>\n\n\n\n<p>Der Vortrag findet online \u00fcber Zoom statt.<br>Zoom Link: <a href=\"https:\/\/tuwien.zoom.us\/j\/99386747682\">https:\/\/tuwien.zoom.us\/j\/99386747682<\/a><br>21.01.2021 &#8211; 19 Uhr<\/p>\n\n\n\n<p>Der von Erika Pieler geplante Vortrag \u201eDenkmalschutzverfahren \u2013 ein Bericht aus der Praxis einer Verwaltungsrichtern\u201c musste f\u00fcr den 21.01.2021 leider abgesagt werden, wird aber zu einem sp\u00e4teren Zeitpunkt nachgeholt.<\/p>\n\n\n\n<p>Wir freuen uns, Sie anl\u00e4sslich des Vortrages begr\u00fc\u00dfen zu d\u00fcrfen.<\/p>\n\n\n\n<div style=\"height:63px\" aria-hidden=\"true\" class=\"wp-block-spacer\"><\/div>\n\n\n\n<p>ICOMOS Austria<br>Karlsplatz 13, A \u2013 1040 Wien<br>+43 (0)670 605 60 94<br>office@icomos.at<br>www.icomos.at<\/p>\n\n\n\n<p>*Im Rahmen der Veranstaltung werden Bild-, Ton- und\/oder Videoaufnahmen gemacht. Mit der Teilnahme an der Veranstaltung erkl\u00e4ren sie sich damit einverstanden, dass diese ver\u00f6ffentlicht werden.<\/p>\n","protected":false},"excerpt":{"rendered":"<p>Zeitgen\u00f6ssische Architektur in Welterbegebieten in Ungarn Wir m\u00f6chten Sie zum Vortrag von Andr\u00e1s Ve\u00f6re\u00f6s am 21.01.2021 um 19 Uhr zu zeitgen\u00f6ssischer Architektur in den Weltergebieten Ungarns einladen. Der Vortrag findet online \u00fcber Zoom statt.Zoom Link: https:\/\/tuwien.zoom.us\/j\/9938674768221.01.2021 &#8211; 19 Uhr Der von Erika Pieler geplante Vortrag \u201eDenkmalschutzverfahren \u2013 ein Bericht aus der Praxis einer Verwaltungsrichtern\u201c musste [&hellip;]<\/p>\n","protected":false},"author":1,"featured_media":4024,"comment_status":"open","ping_status":"open","sticky":false,"template":"","format":"standard","meta":{"_acf_changed":false,"footnotes":""},"categories":[35],"tags":[55,63],"class_list":["post-1996","post","type-post","status-publish","format-standard","has-post-thumbnail","hentry","category-veranstaltungen","tag-icomos","tag-vortrag"],"acf":[],"rttpg_featured_image_url":{"full":["http:\/\/baugeschichte.tuwien.ac.at\/website\/wp-content\/uploads\/2021\/01\/reed-6082475_1920.jpg",1920,1038,false],"landscape":["http:\/\/baugeschichte.tuwien.ac.at\/website\/wp-content\/uploads\/2021\/01\/reed-6082475_1920.jpg",1920,1038,false],"portraits":["http:\/\/baugeschichte.tuwien.ac.at\/website\/wp-content\/uploads\/2021\/01\/reed-6082475_1920.jpg",1920,1038,false],"thumbnail":["http:\/\/baugeschichte.tuwien.ac.at\/website\/wp-content\/uploads\/2021\/01\/reed-6082475_1920-150x150.jpg",150,150,true],"medium":["http:\/\/baugeschichte.tuwien.ac.at\/website\/wp-content\/uploads\/2021\/01\/reed-6082475_1920-300x162.jpg",300,162,true],"large":["http:\/\/baugeschichte.tuwien.ac.at\/website\/wp-content\/uploads\/2021\/01\/reed-6082475_1920-1024x554.jpg",800,433,true],"gs-tiny":["http:\/\/baugeschichte.tuwien.ac.at\/website\/wp-content\/uploads\/2021\/01\/reed-6082475_1920.jpg",50,27,false],"xl":["http:\/\/baugeschichte.tuwien.ac.at\/website\/wp-content\/uploads\/2021\/01\/reed-6082475_1920-1600x865.jpg",1600,865,true],"xxl":["http:\/\/baugeschichte.tuwien.ac.at\/website\/wp-content\/uploads\/2021\/01\/reed-6082475_1920.jpg",1920,1038,false],"xxxl":["http:\/\/baugeschichte.tuwien.ac.at\/website\/wp-content\/uploads\/2021\/01\/reed-6082475_1920.jpg",1920,1038,false],"xxxxl":["http:\/\/baugeschichte.tuwien.ac.at\/website\/wp-content\/uploads\/2021\/01\/reed-6082475_1920.jpg",1920,1038,false],"xxxxxl":["http:\/\/baugeschichte.tuwien.ac.at\/website\/wp-content\/uploads\/2021\/01\/reed-6082475_1920.jpg",1920,1038,false],"1536x1536":["http:\/\/baugeschichte.tuwien.ac.at\/website\/wp-content\/uploads\/2021\/01\/reed-6082475_1920-1536x830.jpg",1536,830,true],"2048x2048":["http:\/\/baugeschichte.tuwien.ac.at\/website\/wp-content\/uploads\/2021\/01\/reed-6082475_1920.jpg",1920,1038,false],"tp-image-grid":["http:\/\/baugeschichte.tuwien.ac.at\/website\/wp-content\/uploads\/2021\/01\/reed-6082475_1920-700x700.jpg",700,700,true]},"rttpg_author":{"display_name":"admin","author_link":"http:\/\/baugeschichte.tuwien.ac.at\/website\/author\/admin\/"},"rttpg_comment":0,"rttpg_category":"<a href=\"http:\/\/baugeschichte.tuwien.ac.at\/website\/category\/veranstaltungen\/\" rel=\"category tag\">Veranstaltungen<\/a>","rttpg_excerpt":"Zeitgen\u00f6ssische Architektur in Welterbegebieten in Ungarn Wir m\u00f6chten Sie zum Vortrag von Andr\u00e1s Ve\u00f6re\u00f6s am 21.01.2021 um 19 Uhr zu zeitgen\u00f6ssischer Architektur in den Weltergebieten Ungarns einladen. Der Vortrag findet online \u00fcber Zoom statt.Zoom Link: https:\/\/tuwien.zoom.us\/j\/9938674768221.01.2021 &#8211; 19 Uhr Der von Erika Pieler geplante Vortrag \u201eDenkmalschutzverfahren \u2013 ein Bericht aus der Praxis einer Verwaltungsrichtern\u201c musste&hellip;","_links":{"self":[{"href":"http:\/\/baugeschichte.tuwien.ac.at\/website\/wp-json\/wp\/v2\/posts\/1996","targetHints":{"allow":["GET"]}}],"collection":[{"href":"http:\/\/baugeschichte.tuwien.ac.at\/website\/wp-json\/wp\/v2\/posts"}],"about":[{"href":"http:\/\/baugeschichte.tuwien.ac.at\/website\/wp-json\/wp\/v2\/types\/post"}],"author":[{"embeddable":true,"href":"http:\/\/baugeschichte.tuwien.ac.at\/website\/wp-json\/wp\/v2\/users\/1"}],"replies":[{"embeddable":true,"href":"http:\/\/baugeschichte.tuwien.ac.at\/website\/wp-json\/wp\/v2\/comments?post=1996"}],"version-history":[{"count":0,"href":"http:\/\/baugeschichte.tuwien.ac.at\/website\/wp-json\/wp\/v2\/posts\/1996\/revisions"}],"wp:featuredmedia":[{"embeddable":true,"href":"http:\/\/baugeschichte.tuwien.ac.at\/website\/wp-json\/wp\/v2\/media\/4024"}],"wp:attachment":[{"href":"http:\/\/baugeschichte.tuwien.ac.at\/website\/wp-json\/wp\/v2\/media?parent=1996"}],"wp:term":[{"taxonomy":"category","embeddable":true,"href":"http:\/\/baugeschichte.tuwien.ac.at\/website\/wp-json\/wp\/v2\/categories?post=1996"},{"taxonomy":"post_tag","embeddable":true,"href":"http:\/\/baugeschichte.tuwien.ac.at\/website\/wp-json\/wp\/v2\/tags?post=1996"}],"curies":[{"name":"wp","href":"https:\/\/api.w.org\/{rel}","templated":true}]}}