{"id":3572,"date":"2007-05-03T14:57:00","date_gmt":"2007-05-03T12:57:00","guid":{"rendered":"http:\/\/baugeschichte.tuwien.ac.at\/website\/?p=3572"},"modified":"2023-11-08T13:54:32","modified_gmt":"2023-11-08T12:54:32","slug":"das-architektonische-erbe-samoas","status":"publish","type":"post","link":"http:\/\/baugeschichte.tuwien.ac.at\/website\/das-architektonische-erbe-samoas\/","title":{"rendered":"Das architektonische Erbe Samoas"},"content":{"rendered":"\n<h2 class=\"wp-block-heading\">Das architektonische Erbe Samoas<\/h2>\n\n\n\n<div style=\"height:20px\" aria-hidden=\"true\" class=\"wp-block-spacer\"><\/div>\n\n\n\n<p>Das Projekt \u201cDas architektonische Erbe Samoas\u201d wurde als Pilotprojekt interdisziplin\u00e4rer Untersuchungen indigener Architekturtraditionen gestartet. Ausgehend von einer gemeinsamen Feldforschungs-Kampagne des Instituts f\u00fcr Baukunst, Bauaufnahmen und Architekturtheorie der Technischen Universit\u00e4t Wien, sowie des Instituts f\u00fcr Kultur- und Sozialanthroplogie der Universit\u00e4t Wien auf den samoanischen Inseln \u2018Upolu und Savai\u2019i, durchgef\u00fchrt von Lehrenden und Studierenden der Fachrichtungen Architektur, Ethnologie und Vermessungstechnik, wurde die Situation der indigenen Bautraditionen Samoas im sich wandelnden Umfeld der aktuellen soziokulturellen und technologischen Gegebenheiten analysiert und dokumentiert.<\/p>\n\n\n\n<p><br>Einer der wesentlichsten Beweggr\u00fcnde f\u00fcr die Durchf\u00fchrung dieses Projekts ist die gegenw\u00e4rtige Situation eines Absterbens der Vielfalt kultureller Pr\u00e4gungen rund um die Welt: Im Zeitalter der Globalisierung droht ein weitgehender Verlust kultureller Identit\u00e4t. Wesentlichen Anteil daran tr\u00e4gt das immer weiter um sich greifende Verdr\u00e4ngen indigener Bautraditionen durch uniforme Bautypen des \u201cinternationalen Stils\u201d europ\u00e4isch-amerikanischer Pr\u00e4gung, die in ihrer Herstellung kosteng\u00fcnstiger sind als traditionelle Bauten, welche einen hohen Aufwand an handwerklicher Arbeit erfordern. In vielen Regionen der Welt wird man daher in Zukunft keine Bauwerke mehr errichten, die auf regionalen Traditionen beruhen. Unserer Zeit bleibt es vorbehalten, diese Baukulturen zu dokumentieren, um damit das Wissen um einen wichtigen Bereich der Menschheitsgeschichte zu bewahren.<\/p>\n\n\n\n<div style=\"height:50px\" aria-hidden=\"true\" class=\"wp-block-spacer\"><\/div>\n\n\n<div id=\"gutenslider-kvh125c8b\" class=\"wp-block-eedee-block-gutenslider gs-frontend content-change alignnone arrow-style-1 arrow-position-sides arrow-mb-none arrows-lg arrows-md arrows-sm dot-style-1 dots-lg dots-md dots-sm dot-position-bottom is-position-center-center mb-none wrap-auto-height\" data-parallax-direction=\"down\" data-parallax-amount=\"1.3\" data-lg-transition=\"lg-slide\" data-hash=\"\" ><div class=\"eedee-swiper-outer\" style=\"--gutenslider-min-height: 75vh;--gutenslider-arrow-size: 30px;--gutenslider-dot-size: 25px;--gutenslider-arrow-color: #ffffff;--gutenslider-dot-color: #ffffff;--gutenslider-padding-y-mobile: 40px;--gutenslider-padding-x-mobile: 40px;--gutenslider-padding-y-tablet: 40px;--gutenslider-padding-x-tablet: 40px;--gutenslider-padding-y-desktop: 40px;--gutenslider-padding-x-desktop: 40px;--gutenslider-bg-image: url();--gutenslider-min-height-md: 50vh;--gutenslider-min-height-sm: 50vh;--gutenslider-padding-x: 40px;--gutenslider-padding-x-md: 40px;--gutenslider-padding-x-sm: 20px;--gutenslider-padding-y: 40px;--gutenslider-padding-y-md: 40px;--gutenslider-padding-y-sm: 20px;--gutenslider-arrow-size-md: 30px;--gutenslider-arrow-size-sm: 30px;--gutenslider-dot-size-md: 25px;--gutenslider-dot-size-sm: 25px;--gutenslider-arrow-bg-color: transparent;--gutenslider-arrow-hover-color: #eeeeee;--gutenslider-arrow-bg-hover-color: transparent;--gutenslider-arrow-x-offset: 10px;--gutenslider-arrow-x-offset-md: 10px;--gutenslider-arrow-x-offset-sm: 10px;--gutenslider-arrow-y-offset: 0px;--gutenslider-arrow-y-offset-md: 0px;--gutenslider-arrow-y-offset-sm: 0px;--gutenslider-arrow-x-spacing: 0px;--gutenslider-dot-y-offset: 10px;--gutenslider-dot-y-offset-md: 10px;--gutenslider-dot-y-offset-sm: 10px;--gutenslider-margin-x: 0px;--gutenslider-margin-x-md: 0px;--gutenslider-margin-x-sm: 0px;--gutenslider-margin-y: 0px;--gutenslider-margin-y-md: 0px;--gutenslider-margin-y-sm: 0px;--gutenslider-divider-top: 60px;--gutenslider-divider-bottom: 60px;--gutenslider-lightgallery-bg: #ffffff;--gutenslider-lightgallery-font: #000000;--gs-first-pos: 50% 50%;--gs-gap-vertical: var( --wp--style--gallery-gap-default, var( --gallery-block--gutter-size, var( --wp--style--block-gap, 0.5em ) ) );--gs-gap-horizontal: var( --wp--style--gallery-gap-default, var( --gallery-block--gutter-size, var( --wp--style--block-gap, 0.5em ) ) );\"><div class=\"gutenslider-divider-top\" style=\"color:#fff;\"><\/div><div class=\"swiper\" data-settings='{\"autoplay\":{\"delay\":3000,\"pauseOnMouseEnter\":true,\"disableOnInteraction\":false},\"speed\":700,\"direction\":\"horizontal\",\"autoHeight\":\"\",\"loop\":true,\"centeredSlides\":true,\"spaceBetween\":0,\"slidesPerView\":1,\"slidesPerGroup\":1,\"effect\":\"slide\",\"coverflowEffect\":{\"rotate\":30,\"slideShadows\":false,\"depth\":100,\"stretch\":50,\"modifier\":1},\"fadeEffect\":{\"crossFade\":true},\"zoom\":\"\",\"navigation\":{\"nextEl\":\"#gutenslider-kvh125c8b .eedee-gutenslider-next\",\"prevEl\":\"#gutenslider-kvh125c8b .eedee-gutenslider-prev\"},\"pagination\":{\"type\":\"bullets\",\"clickable\":true,\"dynamicBullets\":false,\"el\":\"#gutenslider-kvh125c8b .eedee-gutenslider-pagination\"},\"pauseOnHover\":\"1\",\"watchSlidesProgress\":true,\"watchSlidesVisibility\":true,\"settingsMd\":{\"autoHeight\":\"\",\"slidesPerView\":1,\"slidesPerGroup\":1,\"spaceBetween\":0,\"loop\":true},\"settingsLg\":{\"autoHeight\":\"\",\"slidesPerView\":1,\"slidesPerGroup\":1,\"spaceBetween\":0,\"loop\":true},\"hasLg\":false,\"hasLgCounter\":true,\"isFullScreen\":false,\"arrowsFollowMouse\":false,\"lgTitle\":\"none\",\"lgCaption\":\"none\",\"lgThumbnails\":true,\"lgZoomEnabled\":false,\"keyboard\":{\"keyboard\":{\"enabled\":true,\"onlyInViewport\":true}},\"hashNavigation\":false,\"dividers\":false}'><div class=\"swiper-wrapper\">\n<div class=\"swiper-slide wp-block-eedee-block-gutenslide is-position-center-center ed-bg-image\" style=\"--ed-vw:300;--ed-vh:203;\" data-hash=\"\"><div class=\"eedee-background-div bg-image\"><img fetchpriority=\"high\" width=\"1024\" height=\"692\" class=\"wp-image-3626\" src=\"http:\/\/baugeschichte.tuwien.ac.at\/website\/wp-content\/uploads\/2021\/05\/ENTSTEHUNG-PRESTIGEARCHITEKTUR-Abb-130-1024x692.jpg\" alt=\"\" decoding=\"async\" style=\"object-fit: cover; object-position: 50% 50%;\"  data-title=\"ENTSTEHUNG PRESTIGEARCHITEKTUR - Abb 130\" srcset=\"http:\/\/baugeschichte.tuwien.ac.at\/website\/wp-content\/uploads\/2021\/05\/ENTSTEHUNG-PRESTIGEARCHITEKTUR-Abb-130-1024x692.jpg 1024w, http:\/\/baugeschichte.tuwien.ac.at\/website\/wp-content\/uploads\/2021\/05\/ENTSTEHUNG-PRESTIGEARCHITEKTUR-Abb-130-300x203.jpg 300w, http:\/\/baugeschichte.tuwien.ac.at\/website\/wp-content\/uploads\/2021\/05\/ENTSTEHUNG-PRESTIGEARCHITEKTUR-Abb-130-768x519.jpg 768w, http:\/\/baugeschichte.tuwien.ac.at\/website\/wp-content\/uploads\/2021\/05\/ENTSTEHUNG-PRESTIGEARCHITEKTUR-Abb-130-1600x1081.jpg 1600w, http:\/\/baugeschichte.tuwien.ac.at\/website\/wp-content\/uploads\/2021\/05\/ENTSTEHUNG-PRESTIGEARCHITEKTUR-Abb-130-1536x1038.jpg 1536w, http:\/\/baugeschichte.tuwien.ac.at\/website\/wp-content\/uploads\/2021\/05\/ENTSTEHUNG-PRESTIGEARCHITEKTUR-Abb-130.jpg 1818w\" sizes=\"(max-width: 1024px) 100vw, 1024px\" \/><div class=\"eedee-background-div__overlay\" style=\"opacity:1;\"><\/div><\/div><div class=\"slide-content\">\n\n<p class=\"has-text-align-center gutenslider-content-initial has-larger-font-size\"><\/p>\n\n<\/div><\/div>\n\n<div class=\"swiper-slide wp-block-eedee-block-gutenslide is-position-center-center ed-bg-image\" style=\"--ed-vw:300;--ed-vh:203;\" data-hash=\"\"><div class=\"eedee-background-div bg-image\"><img width=\"1024\" height=\"692\" class=\"wp-image-3621\" src=\"http:\/\/baugeschichte.tuwien.ac.at\/website\/wp-content\/uploads\/2021\/05\/SAMOA-Lano-Fale-Afolau-Diskussion-1024x692.jpg\" alt=\"\" decoding=\"async\" style=\"object-fit: cover; object-position: 50% 50%;\"  data-title=\"SAMOA, Lano, Fale Afolau, Diskussion\" srcset=\"http:\/\/baugeschichte.tuwien.ac.at\/website\/wp-content\/uploads\/2021\/05\/SAMOA-Lano-Fale-Afolau-Diskussion-1024x692.jpg 1024w, http:\/\/baugeschichte.tuwien.ac.at\/website\/wp-content\/uploads\/2021\/05\/SAMOA-Lano-Fale-Afolau-Diskussion-300x203.jpg 300w, http:\/\/baugeschichte.tuwien.ac.at\/website\/wp-content\/uploads\/2021\/05\/SAMOA-Lano-Fale-Afolau-Diskussion-768x519.jpg 768w, http:\/\/baugeschichte.tuwien.ac.at\/website\/wp-content\/uploads\/2021\/05\/SAMOA-Lano-Fale-Afolau-Diskussion-1600x1081.jpg 1600w, http:\/\/baugeschichte.tuwien.ac.at\/website\/wp-content\/uploads\/2021\/05\/SAMOA-Lano-Fale-Afolau-Diskussion-1536x1038.jpg 1536w, http:\/\/baugeschichte.tuwien.ac.at\/website\/wp-content\/uploads\/2021\/05\/SAMOA-Lano-Fale-Afolau-Diskussion.jpg 1818w\" sizes=\"(max-width: 1024px) 100vw, 1024px\" \/><div class=\"eedee-background-div__overlay\" style=\"opacity:1;\"><\/div><\/div><div class=\"slide-content\">\n\n<p class=\"has-text-align-center gutenslider-content-initial has-larger-font-size\"><\/p>\n\n<\/div><\/div>\n\n<div class=\"swiper-slide wp-block-eedee-block-gutenslide is-position-center-center ed-bg-image\" style=\"--ed-vw:300;--ed-vh:203;\" data-hash=\"\"><div class=\"eedee-background-div bg-image\"><img width=\"1024\" height=\"692\" class=\"wp-image-3631\" src=\"http:\/\/baugeschichte.tuwien.ac.at\/website\/wp-content\/uploads\/2021\/05\/SAMOA-Lano-Fale-Afolau-Dachtragwerk-1024x692.jpg\" alt=\"\" decoding=\"async\" style=\"object-fit: cover; object-position: 50% 50%;\"  data-title=\"SAMOA, Lano, Fale Afolau, Dachtragwerk\" srcset=\"http:\/\/baugeschichte.tuwien.ac.at\/website\/wp-content\/uploads\/2021\/05\/SAMOA-Lano-Fale-Afolau-Dachtragwerk-1024x692.jpg 1024w, http:\/\/baugeschichte.tuwien.ac.at\/website\/wp-content\/uploads\/2021\/05\/SAMOA-Lano-Fale-Afolau-Dachtragwerk-300x203.jpg 300w, http:\/\/baugeschichte.tuwien.ac.at\/website\/wp-content\/uploads\/2021\/05\/SAMOA-Lano-Fale-Afolau-Dachtragwerk-768x519.jpg 768w, http:\/\/baugeschichte.tuwien.ac.at\/website\/wp-content\/uploads\/2021\/05\/SAMOA-Lano-Fale-Afolau-Dachtragwerk-1600x1081.jpg 1600w, http:\/\/baugeschichte.tuwien.ac.at\/website\/wp-content\/uploads\/2021\/05\/SAMOA-Lano-Fale-Afolau-Dachtragwerk-1536x1038.jpg 1536w, http:\/\/baugeschichte.tuwien.ac.at\/website\/wp-content\/uploads\/2021\/05\/SAMOA-Lano-Fale-Afolau-Dachtragwerk.jpg 1818w\" sizes=\"(max-width: 1024px) 100vw, 1024px\" \/><div class=\"eedee-background-div__overlay\" style=\"opacity:1;\"><\/div><\/div><div class=\"slide-content\">\n\n<p class=\"has-text-align-center gutenslider-content-initial has-larger-font-size\"><\/p>\n\n<\/div><\/div>\n\n<div class=\"swiper-slide wp-block-eedee-block-gutenslide is-position-center-center ed-bg-image\" style=\"--ed-vw:300;--ed-vh:203;\" data-hash=\"\"><div class=\"eedee-background-div bg-image\"><img loading=\"lazy\" width=\"1024\" height=\"692\" class=\"wp-image-3622\" src=\"http:\/\/baugeschichte.tuwien.ac.at\/website\/wp-content\/uploads\/2021\/05\/SCHNURBINDUNGSTECHNIKEN-Abbildung-04-1024x692.jpg\" alt=\"\" decoding=\"async\" style=\"object-fit: cover; object-position: 50% 50%;\"  data-title=\"SCHNURBINDUNGSTECHNIKEN - Abbildung 04\" srcset=\"http:\/\/baugeschichte.tuwien.ac.at\/website\/wp-content\/uploads\/2021\/05\/SCHNURBINDUNGSTECHNIKEN-Abbildung-04-1024x692.jpg 1024w, http:\/\/baugeschichte.tuwien.ac.at\/website\/wp-content\/uploads\/2021\/05\/SCHNURBINDUNGSTECHNIKEN-Abbildung-04-300x203.jpg 300w, http:\/\/baugeschichte.tuwien.ac.at\/website\/wp-content\/uploads\/2021\/05\/SCHNURBINDUNGSTECHNIKEN-Abbildung-04-768x519.jpg 768w, http:\/\/baugeschichte.tuwien.ac.at\/website\/wp-content\/uploads\/2021\/05\/SCHNURBINDUNGSTECHNIKEN-Abbildung-04-1600x1081.jpg 1600w, http:\/\/baugeschichte.tuwien.ac.at\/website\/wp-content\/uploads\/2021\/05\/SCHNURBINDUNGSTECHNIKEN-Abbildung-04-1536x1038.jpg 1536w, http:\/\/baugeschichte.tuwien.ac.at\/website\/wp-content\/uploads\/2021\/05\/SCHNURBINDUNGSTECHNIKEN-Abbildung-04.jpg 1818w\" sizes=\"(max-width: 1024px) 100vw, 1024px\" \/><div class=\"eedee-background-div__overlay\" style=\"opacity:1;\"><\/div><\/div><div class=\"slide-content\">\n\n<p class=\"has-text-align-center gutenslider-content-initial has-larger-font-size\"><\/p>\n\n<\/div><\/div>\n\n<div class=\"swiper-slide wp-block-eedee-block-gutenslide is-position-center-center ed-bg-image\" style=\"--ed-vw:300;--ed-vh:203;\" data-hash=\"\"><div class=\"eedee-background-div bg-image\"><img loading=\"lazy\" width=\"1024\" height=\"692\" class=\"wp-image-3630\" src=\"http:\/\/baugeschichte.tuwien.ac.at\/website\/wp-content\/uploads\/2021\/05\/SAMOA-Fasitoo-Uta-Fale-Tele-Vermessung-1024x692.jpg\" alt=\"\" decoding=\"async\" style=\"object-fit: cover; object-position: 50% 50%;\"  data-title=\"SAMOA, Fasito&#039;o Uta, Fale Tele, Vermessung\" srcset=\"http:\/\/baugeschichte.tuwien.ac.at\/website\/wp-content\/uploads\/2021\/05\/SAMOA-Fasitoo-Uta-Fale-Tele-Vermessung-1024x692.jpg 1024w, http:\/\/baugeschichte.tuwien.ac.at\/website\/wp-content\/uploads\/2021\/05\/SAMOA-Fasitoo-Uta-Fale-Tele-Vermessung-300x203.jpg 300w, http:\/\/baugeschichte.tuwien.ac.at\/website\/wp-content\/uploads\/2021\/05\/SAMOA-Fasitoo-Uta-Fale-Tele-Vermessung-768x519.jpg 768w, http:\/\/baugeschichte.tuwien.ac.at\/website\/wp-content\/uploads\/2021\/05\/SAMOA-Fasitoo-Uta-Fale-Tele-Vermessung-1600x1081.jpg 1600w, http:\/\/baugeschichte.tuwien.ac.at\/website\/wp-content\/uploads\/2021\/05\/SAMOA-Fasitoo-Uta-Fale-Tele-Vermessung-1536x1038.jpg 1536w, http:\/\/baugeschichte.tuwien.ac.at\/website\/wp-content\/uploads\/2021\/05\/SAMOA-Fasitoo-Uta-Fale-Tele-Vermessung.jpg 1818w\" sizes=\"(max-width: 1024px) 100vw, 1024px\" \/><div class=\"eedee-background-div__overlay\" style=\"opacity:1;\"><\/div><\/div><div class=\"slide-content\">\n\n<p class=\"has-text-align-center gutenslider-content-initial has-larger-font-size\"><\/p>\n\n<\/div><\/div>\n\n<div class=\"swiper-slide wp-block-eedee-block-gutenslide is-position-center-center ed-bg-image\" style=\"--ed-vw:300;--ed-vh:203;\" data-hash=\"\"><div class=\"eedee-background-div bg-image\"><img loading=\"lazy\" width=\"1024\" height=\"692\" class=\"wp-image-3629\" src=\"http:\/\/baugeschichte.tuwien.ac.at\/website\/wp-content\/uploads\/2021\/05\/INDIGENE-HAUSTYPEN-Abbildung-095-1024x692.jpg\" alt=\"\" decoding=\"async\" style=\"object-fit: cover; object-position: 50% 50%;\"  data-title=\"INDIGENE HAUSTYPEN - Abbildung 095\" srcset=\"http:\/\/baugeschichte.tuwien.ac.at\/website\/wp-content\/uploads\/2021\/05\/INDIGENE-HAUSTYPEN-Abbildung-095-1024x692.jpg 1024w, http:\/\/baugeschichte.tuwien.ac.at\/website\/wp-content\/uploads\/2021\/05\/INDIGENE-HAUSTYPEN-Abbildung-095-300x203.jpg 300w, http:\/\/baugeschichte.tuwien.ac.at\/website\/wp-content\/uploads\/2021\/05\/INDIGENE-HAUSTYPEN-Abbildung-095-768x519.jpg 768w, http:\/\/baugeschichte.tuwien.ac.at\/website\/wp-content\/uploads\/2021\/05\/INDIGENE-HAUSTYPEN-Abbildung-095-1600x1081.jpg 1600w, http:\/\/baugeschichte.tuwien.ac.at\/website\/wp-content\/uploads\/2021\/05\/INDIGENE-HAUSTYPEN-Abbildung-095-1536x1038.jpg 1536w, http:\/\/baugeschichte.tuwien.ac.at\/website\/wp-content\/uploads\/2021\/05\/INDIGENE-HAUSTYPEN-Abbildung-095.jpg 1818w\" sizes=\"(max-width: 1024px) 100vw, 1024px\" \/><div class=\"eedee-background-div__overlay\" style=\"opacity:1;\"><\/div><\/div><div class=\"slide-content\">\n\n<p class=\"has-text-align-center gutenslider-content-initial has-larger-font-size\"><\/p>\n\n<\/div><\/div>\n\n<div class=\"swiper-slide wp-block-eedee-block-gutenslide is-position-center-center ed-bg-image\" style=\"--ed-vw:300;--ed-vh:203;\" data-hash=\"\"><div class=\"eedee-background-div bg-image\"><img loading=\"lazy\" width=\"1024\" height=\"692\" class=\"wp-image-3628\" src=\"http:\/\/baugeschichte.tuwien.ac.at\/website\/wp-content\/uploads\/2021\/05\/INDIGENE-HAUSTYPEN-Abbildung-082b-1024x692.jpg\" alt=\"\" decoding=\"async\" style=\"object-fit: cover; object-position: 50% 50%;\"  data-title=\"INDIGENE HAUSTYPEN - Abbildung 082b\" srcset=\"http:\/\/baugeschichte.tuwien.ac.at\/website\/wp-content\/uploads\/2021\/05\/INDIGENE-HAUSTYPEN-Abbildung-082b-1024x692.jpg 1024w, http:\/\/baugeschichte.tuwien.ac.at\/website\/wp-content\/uploads\/2021\/05\/INDIGENE-HAUSTYPEN-Abbildung-082b-300x203.jpg 300w, http:\/\/baugeschichte.tuwien.ac.at\/website\/wp-content\/uploads\/2021\/05\/INDIGENE-HAUSTYPEN-Abbildung-082b-768x519.jpg 768w, http:\/\/baugeschichte.tuwien.ac.at\/website\/wp-content\/uploads\/2021\/05\/INDIGENE-HAUSTYPEN-Abbildung-082b-1600x1081.jpg 1600w, http:\/\/baugeschichte.tuwien.ac.at\/website\/wp-content\/uploads\/2021\/05\/INDIGENE-HAUSTYPEN-Abbildung-082b-1536x1038.jpg 1536w, http:\/\/baugeschichte.tuwien.ac.at\/website\/wp-content\/uploads\/2021\/05\/INDIGENE-HAUSTYPEN-Abbildung-082b.jpg 1818w\" sizes=\"(max-width: 1024px) 100vw, 1024px\" \/><div class=\"eedee-background-div__overlay\" style=\"opacity:1;\"><\/div><\/div><div class=\"slide-content\">\n\n<p class=\"has-text-align-center gutenslider-content-initial has-larger-font-size\"><\/p>\n\n<\/div><\/div>\n\n<div class=\"swiper-slide wp-block-eedee-block-gutenslide is-position-center-center ed-bg-image\" style=\"--ed-vw:300;--ed-vh:225;\" data-hash=\"\"><div class=\"eedee-background-div bg-image\"><img loading=\"lazy\" width=\"1024\" height=\"768\" class=\"wp-image-3627\" src=\"http:\/\/baugeschichte.tuwien.ac.at\/website\/wp-content\/uploads\/2021\/05\/IN-DIE-LUFT-GEBAUT-Abbildung-116b.jpg\" alt=\"\" decoding=\"async\" style=\"object-fit: cover; object-position: 50% 50%;\"  data-title=\"IN DIE LUFT GEBAUT - Abbildung 116b\" srcset=\"http:\/\/baugeschichte.tuwien.ac.at\/website\/wp-content\/uploads\/2021\/05\/IN-DIE-LUFT-GEBAUT-Abbildung-116b.jpg 1024w, http:\/\/baugeschichte.tuwien.ac.at\/website\/wp-content\/uploads\/2021\/05\/IN-DIE-LUFT-GEBAUT-Abbildung-116b-300x225.jpg 300w, http:\/\/baugeschichte.tuwien.ac.at\/website\/wp-content\/uploads\/2021\/05\/IN-DIE-LUFT-GEBAUT-Abbildung-116b-768x576.jpg 768w\" sizes=\"(max-width: 1024px) 100vw, 1024px\" \/><div class=\"eedee-background-div__overlay\" style=\"opacity:1;\"><\/div><\/div><div class=\"slide-content\">\n\n<p class=\"has-text-align-center gutenslider-content-initial has-larger-font-size\"><\/p>\n\n<\/div><\/div>\n\n<div class=\"swiper-slide wp-block-eedee-block-gutenslide is-position-center-center ed-bg-image\" style=\"--ed-vw:300;--ed-vh:203;\" data-hash=\"\"><div class=\"eedee-background-div bg-image\"><img loading=\"lazy\" width=\"1024\" height=\"692\" class=\"wp-image-3623\" src=\"http:\/\/baugeschichte.tuwien.ac.at\/website\/wp-content\/uploads\/2021\/05\/SCHNURBINDUNGSTECHNIKEN-Abbildung-07-1024x692.jpg\" alt=\"\" decoding=\"async\" style=\"object-fit: cover; object-position: 50% 50%;\"  data-title=\"SCHNURBINDUNGSTECHNIKEN - Abbildung 07\" srcset=\"http:\/\/baugeschichte.tuwien.ac.at\/website\/wp-content\/uploads\/2021\/05\/SCHNURBINDUNGSTECHNIKEN-Abbildung-07-1024x692.jpg 1024w, http:\/\/baugeschichte.tuwien.ac.at\/website\/wp-content\/uploads\/2021\/05\/SCHNURBINDUNGSTECHNIKEN-Abbildung-07-300x203.jpg 300w, http:\/\/baugeschichte.tuwien.ac.at\/website\/wp-content\/uploads\/2021\/05\/SCHNURBINDUNGSTECHNIKEN-Abbildung-07-768x519.jpg 768w, http:\/\/baugeschichte.tuwien.ac.at\/website\/wp-content\/uploads\/2021\/05\/SCHNURBINDUNGSTECHNIKEN-Abbildung-07-1600x1081.jpg 1600w, http:\/\/baugeschichte.tuwien.ac.at\/website\/wp-content\/uploads\/2021\/05\/SCHNURBINDUNGSTECHNIKEN-Abbildung-07-1536x1038.jpg 1536w, http:\/\/baugeschichte.tuwien.ac.at\/website\/wp-content\/uploads\/2021\/05\/SCHNURBINDUNGSTECHNIKEN-Abbildung-07.jpg 1818w\" sizes=\"(max-width: 1024px) 100vw, 1024px\" \/><div class=\"eedee-background-div__overlay\" style=\"opacity:1;\"><\/div><\/div><div class=\"slide-content\">\n\n<p class=\"has-text-align-center gutenslider-content-initial has-larger-font-size\"><\/p>\n\n<\/div><\/div>\n<\/div><\/div><button class=\"eedee-gutenslider-nav eedee-gutenslider-prev\"><svg xmlns=\"http:\/\/www.w3.org\/2000\/svg\" viewBox=\"0 0 24 24\" width=\"24\" height=\"24\"><circle class=\"bg\" cx=\"13\" cy=\"12\" r=\"11\" \/><path fill=\"none\" d=\"M0 0h24v24H0z\"\/><path class=\"arrow\" d=\"M10.828 12l4.95 4.95-1.414 1.414L8 12l6.364-6.364 1.414 1.414z\"\/><\/svg><\/button><button class=\"eedee-gutenslider-nav eedee-gutenslider-next\"><svg xmlns=\"http:\/\/www.w3.org\/2000\/svg\" viewBox=\"0 0 24 24\" width=\"24\" height=\"24\"><circle class=\"bg\" cx=\"11\" cy=\"12\" r=\"11\" \/><path fill=\"none\" d=\"M0 0h24v24H0z\"\/><path class=\"arrow\" d=\"M13.172 12l-4.95-4.95 1.414-1.414L16 12l-6.364 6.364-1.414-1.414z\"\/><\/svg><\/button><div class=\"eedee-gutenslider-pagination\"><\/div><div class=\"gutenslider-divider-bottom \" style=\"color:#fff;\"><\/div><\/div><\/div>\n\n\n<div style=\"height:30px\" aria-hidden=\"true\" class=\"wp-block-spacer\"><\/div>\n\n\n\n<hr class=\"wp-block-separator has-alpha-channel-opacity\"\/>\n\n\n\n<div style=\"height:20px\" aria-hidden=\"true\" class=\"wp-block-spacer\"><\/div>\n\n\n\n<div class=\"wp-block-columns is-layout-flex wp-container-core-columns-is-layout-28f84493 wp-block-columns-is-layout-flex\">\n<div class=\"wp-block-column is-layout-flow wp-block-column-is-layout-flow\" style=\"flex-basis:75%\">\n<p><strong>Publikation<\/strong><br><a href=\"http:\/\/baugeschichte.tuwien.ac.at\/website\/das-architektonische-erbe-samoas-2\/\">Das architektonische Erbe Samoas<\/a><\/p>\n<\/div>\n\n\n\n<div class=\"wp-block-column is-layout-flow wp-block-column-is-layout-flow\" style=\"flex-basis:25%\">\n<figure class=\"wp-block-image size-medium\"><a href=\"http:\/\/baugeschichte.tuwien.ac.at\/website\/das-architektonische-erbe-samoas-2\/\"><img loading=\"lazy\" decoding=\"async\" width=\"200\" height=\"300\" src=\"http:\/\/baugeschichte.tuwien.ac.at\/website\/wp-content\/uploads\/2021\/05\/Das-architektonische-Erbe-Samoas-200x300.jpg\" alt=\"\" class=\"wp-image-3651\" style=\"aspect-ratio:1;object-fit:cover\" srcset=\"http:\/\/baugeschichte.tuwien.ac.at\/website\/wp-content\/uploads\/2021\/05\/Das-architektonische-Erbe-Samoas-200x300.jpg 200w, http:\/\/baugeschichte.tuwien.ac.at\/website\/wp-content\/uploads\/2021\/05\/Das-architektonische-Erbe-Samoas-683x1024.jpg 683w, http:\/\/baugeschichte.tuwien.ac.at\/website\/wp-content\/uploads\/2021\/05\/Das-architektonische-Erbe-Samoas-768x1152.jpg 768w, http:\/\/baugeschichte.tuwien.ac.at\/website\/wp-content\/uploads\/2021\/05\/Das-architektonische-Erbe-Samoas-1024x1536.jpg 1024w, http:\/\/baugeschichte.tuwien.ac.at\/website\/wp-content\/uploads\/2021\/05\/Das-architektonische-Erbe-Samoas-1365x2048.jpg 1365w, http:\/\/baugeschichte.tuwien.ac.at\/website\/wp-content\/uploads\/2021\/05\/Das-architektonische-Erbe-Samoas.jpg 1500w\" sizes=\"(max-width: 200px) 100vw, 200px\" \/><\/a><\/figure>\n<\/div>\n<\/div>\n","protected":false},"excerpt":{"rendered":"<p>Das architektonische Erbe Samoas Das Projekt \u201cDas architektonische Erbe Samoas\u201d wurde als Pilotprojekt interdisziplin\u00e4rer Untersuchungen indigener Architekturtraditionen gestartet. Ausgehend von einer gemeinsamen Feldforschungs-Kampagne des Instituts f\u00fcr Baukunst, Bauaufnahmen und Architekturtheorie der Technischen Universit\u00e4t Wien, sowie des Instituts f\u00fcr Kultur- und Sozialanthroplogie der Universit\u00e4t Wien auf den samoanischen Inseln \u2018Upolu und Savai\u2019i, durchgef\u00fchrt von Lehrenden und [&hellip;]<\/p>\n","protected":false},"author":1,"featured_media":3629,"comment_status":"open","ping_status":"open","sticky":false,"template":"","format":"standard","meta":{"_acf_changed":false,"footnotes":""},"categories":[28],"tags":[],"class_list":["post-3572","post","type-post","status-publish","format-standard","has-post-thumbnail","hentry","category-abgeschlossen"],"acf":[],"rttpg_featured_image_url":{"full":["http:\/\/baugeschichte.tuwien.ac.at\/website\/wp-content\/uploads\/2021\/05\/INDIGENE-HAUSTYPEN-Abbildung-095.jpg",1818,1228,false],"landscape":["http:\/\/baugeschichte.tuwien.ac.at\/website\/wp-content\/uploads\/2021\/05\/INDIGENE-HAUSTYPEN-Abbildung-095.jpg",1818,1228,false],"portraits":["http:\/\/baugeschichte.tuwien.ac.at\/website\/wp-content\/uploads\/2021\/05\/INDIGENE-HAUSTYPEN-Abbildung-095.jpg",1818,1228,false],"thumbnail":["http:\/\/baugeschichte.tuwien.ac.at\/website\/wp-content\/uploads\/2021\/05\/INDIGENE-HAUSTYPEN-Abbildung-095-150x150.jpg",150,150,true],"medium":["http:\/\/baugeschichte.tuwien.ac.at\/website\/wp-content\/uploads\/2021\/05\/INDIGENE-HAUSTYPEN-Abbildung-095-300x203.jpg",300,203,true],"large":["http:\/\/baugeschichte.tuwien.ac.at\/website\/wp-content\/uploads\/2021\/05\/INDIGENE-HAUSTYPEN-Abbildung-095-1024x692.jpg",800,541,true],"gs-tiny":["http:\/\/baugeschichte.tuwien.ac.at\/website\/wp-content\/uploads\/2021\/05\/INDIGENE-HAUSTYPEN-Abbildung-095.jpg",50,34,false],"xl":["http:\/\/baugeschichte.tuwien.ac.at\/website\/wp-content\/uploads\/2021\/05\/INDIGENE-HAUSTYPEN-Abbildung-095-1600x1081.jpg",1600,1081,true],"xxl":["http:\/\/baugeschichte.tuwien.ac.at\/website\/wp-content\/uploads\/2021\/05\/INDIGENE-HAUSTYPEN-Abbildung-095.jpg",1818,1228,false],"xxxl":["http:\/\/baugeschichte.tuwien.ac.at\/website\/wp-content\/uploads\/2021\/05\/INDIGENE-HAUSTYPEN-Abbildung-095.jpg",1818,1228,false],"xxxxl":["http:\/\/baugeschichte.tuwien.ac.at\/website\/wp-content\/uploads\/2021\/05\/INDIGENE-HAUSTYPEN-Abbildung-095.jpg",1818,1228,false],"xxxxxl":["http:\/\/baugeschichte.tuwien.ac.at\/website\/wp-content\/uploads\/2021\/05\/INDIGENE-HAUSTYPEN-Abbildung-095.jpg",1818,1228,false],"1536x1536":["http:\/\/baugeschichte.tuwien.ac.at\/website\/wp-content\/uploads\/2021\/05\/INDIGENE-HAUSTYPEN-Abbildung-095-1536x1038.jpg",1536,1038,true],"2048x2048":["http:\/\/baugeschichte.tuwien.ac.at\/website\/wp-content\/uploads\/2021\/05\/INDIGENE-HAUSTYPEN-Abbildung-095.jpg",1818,1228,false],"tp-image-grid":["http:\/\/baugeschichte.tuwien.ac.at\/website\/wp-content\/uploads\/2021\/05\/INDIGENE-HAUSTYPEN-Abbildung-095-700x700.jpg",700,700,true]},"rttpg_author":{"display_name":"admin","author_link":"http:\/\/baugeschichte.tuwien.ac.at\/website\/author\/admin\/"},"rttpg_comment":0,"rttpg_category":"<a href=\"http:\/\/baugeschichte.tuwien.ac.at\/website\/category\/abgeschlossen\/\" rel=\"category tag\">Abgeschlossen<\/a>","rttpg_excerpt":"Das architektonische Erbe Samoas Das Projekt \u201cDas architektonische Erbe Samoas\u201d wurde als Pilotprojekt interdisziplin\u00e4rer Untersuchungen indigener Architekturtraditionen gestartet. Ausgehend von einer gemeinsamen Feldforschungs-Kampagne des Instituts f\u00fcr Baukunst, Bauaufnahmen und Architekturtheorie der Technischen Universit\u00e4t Wien, sowie des Instituts f\u00fcr Kultur- und Sozialanthroplogie der Universit\u00e4t Wien auf den samoanischen Inseln \u2018Upolu und Savai\u2019i, durchgef\u00fchrt von Lehrenden und&hellip;","_links":{"self":[{"href":"http:\/\/baugeschichte.tuwien.ac.at\/website\/wp-json\/wp\/v2\/posts\/3572","targetHints":{"allow":["GET"]}}],"collection":[{"href":"http:\/\/baugeschichte.tuwien.ac.at\/website\/wp-json\/wp\/v2\/posts"}],"about":[{"href":"http:\/\/baugeschichte.tuwien.ac.at\/website\/wp-json\/wp\/v2\/types\/post"}],"author":[{"embeddable":true,"href":"http:\/\/baugeschichte.tuwien.ac.at\/website\/wp-json\/wp\/v2\/users\/1"}],"replies":[{"embeddable":true,"href":"http:\/\/baugeschichte.tuwien.ac.at\/website\/wp-json\/wp\/v2\/comments?post=3572"}],"version-history":[{"count":0,"href":"http:\/\/baugeschichte.tuwien.ac.at\/website\/wp-json\/wp\/v2\/posts\/3572\/revisions"}],"wp:featuredmedia":[{"embeddable":true,"href":"http:\/\/baugeschichte.tuwien.ac.at\/website\/wp-json\/wp\/v2\/media\/3629"}],"wp:attachment":[{"href":"http:\/\/baugeschichte.tuwien.ac.at\/website\/wp-json\/wp\/v2\/media?parent=3572"}],"wp:term":[{"taxonomy":"category","embeddable":true,"href":"http:\/\/baugeschichte.tuwien.ac.at\/website\/wp-json\/wp\/v2\/categories?post=3572"},{"taxonomy":"post_tag","embeddable":true,"href":"http:\/\/baugeschichte.tuwien.ac.at\/website\/wp-json\/wp\/v2\/tags?post=3572"}],"curies":[{"name":"wp","href":"https:\/\/api.w.org\/{rel}","templated":true}]}}