{"id":5905,"date":"2022-12-13T18:56:34","date_gmt":"2022-12-13T17:56:34","guid":{"rendered":"http:\/\/baugeschichte.tuwien.ac.at\/website\/?p=5905"},"modified":"2022-12-13T18:56:34","modified_gmt":"2022-12-13T17:56:34","slug":"icomos-vortrag-5","status":"publish","type":"post","link":"http:\/\/baugeschichte.tuwien.ac.at\/website\/icomos-vortrag-5\/","title":{"rendered":"ICOMOS <br> Vortrag"},"content":{"rendered":"\n<p><\/p>\n\n\n\n<h2 class=\"wp-block-heading\">Welterbe Salzburg | Evaluieren \u2013 Integrieren \u2013 Kommunizieren<\/h2>\n\n\n\n<div style=\"height:30px\" aria-hidden=\"true\" class=\"wp-block-spacer\"><\/div>\n\n\n\n<p><\/p>\n\n\n\n<p>Die Salzburger Silhouette ist gepr\u00e4gt durch die zahlreichen Kirchturmspitzen und Kuppeln und wird umrahmt von einer Kulisse von Bergen. Seit Dezember 1996 wurde die historische Altstadt von Salzburg in die Liste der Welterbest\u00e4tten von der UNESCO aufgenommen.<\/p>\n\n\n\n<p>Die Welterbe-Kernzone umfasst 237 Hektar der Stadtfl\u00e4che und wird umschlossen von der Pufferzone mit einer Fl\u00e4che von 467 Hektar. Fast tausend Objekte mit ihrer Historie vom Mittelalter bis heute liegen in diesem Gebiet; rund die H\u00e4lfte der Geb\u00e4ude stehen zugleich unter Denkmalschutz.<\/p>\n\n\n\n<p>Salzburg ist der Ort, an dem sich die italienische und die deutsche Kultur trafen und der im Austausch zwischen diesen beiden Kulturen eine zentrale Rolle spielte. Das Ergebnis ist eine Barockstadt, die intakt aus der Geschichte hervorgegangen ist und au\u00dfergew\u00f6hnliches materielles Zeugnis einer bestimmten Kultur und Zeit darstellt.<\/p>\n\n\n\n<p>Im Managementplan der Stadt Salzburg wurden 3 von 10 Kriterien der UNESCO bei der Aufnahme in die Welterbeliste festgelegt:<\/p>\n\n\n\n<p>Kriterium 2 Salzburg spielte eine wesentliche Rolle beim Austausch des deutschen und italienischen Kulturkreises, was zum gegenseitigen Aufbl\u00fchen und zu einer langanhaltenden gegenseitigen Beeinflussung f\u00fchrte.<\/p>\n\n\n\n<p>Kriterium 4 Salzburg stellt ein au\u00dfergew\u00f6hnlich wichtiges Beispiel eines europ\u00e4ischen kirchlichen Stadtstaates dar, der einen bemerkenswert hohen Bestand an sehr qualit\u00e4tvollen Bauten aufweist, die vom Sp\u00e4tmittelalter bis ins 20. Jahrhundert reichen.<\/p>\n\n\n\n<p>Kriterium 6 Salzburg steht in enger Verbindung mit der Kunst, wobei hier die Musik \u2013 in der Person ihres ber\u00fchmten Sohnes Wolfgang Amadeus Mozart \u2013 bedeutend hervorsticht.<\/p>\n\n\n\n<p>Die Stadt hat ihre historische Substanz und Struktur bewahrt. Sie ist jedoch gef\u00e4hrdet durch neue Bauten, die sich nicht zur G\u00e4nze der Koh\u00e4renz ihrer barocken Formen \/ Ma\u00dfst\u00e4be \/ K\u00f6rnung anpassen. Einige neue Projekte lassen einen massiven Eingriff in das Stadtgef\u00fcge erwarten und Beeintr\u00e4chtigungen der bestehenden Sichtfeldbeziehungen vom Norden und von der Festung in die Innenstadt.<\/p>\n\n\n\n<p>Ao.Univ.Prof. Dr. DI. D\u00f6rte Kuhlmann wurde 1968 in Hoya geboren und absolvierte ihr Architekturstudium in Hannover und Wien. Sie schloss ihr Doktorat 1998 ab und ist seither an der TU Wien t\u00e4tig, wo sie 2002 im Fach Architekturtheorie habilitierte. Neben zahlreichen Lehr- und Forschungsaufenthalten in den USA, Kosovo und Deutschland war sie von 2009 bis 2012 Mitglied im Gestaltungsbeirat Salzburg. Zu ihren Publikationen z\u00e4hlen unter anderem The Art of (Re)Creation (2016), Basics Methoden der Formfindung (Springer 2016 Co-autor) Space, Time &amp; Difference (Routledge 2013), Wooden Boxes (Luftschacht 2011), Wood with a Difference (edition selene 2009).<\/p>\n\n\n\n<p>Arch. DI. Hannes Toifel wurde 1959 in Wien geboren, vor der Matura absolvierter er eine Maurerlehre und im Anschluss studierte er an der TU Wien Architektur. 2001 Gr\u00fcndung eines Architekurb\u00fcros und 2010 die Gr\u00fcndung einer ZT Gesellschaft. Seit 2009 Sachverst\u00e4ndiger f\u00fcr Denkmalschutz, Altstadtsanierung Revitalisierung und Renovierungen alter Bausubstanzen und den kompletten Hochbau, Architektur. Seit 2001 Lehrbeauftragter an der TU Wien und Gastvortr\u00e4ge an der Donauuniversit\u00e4t Krems und TU Wien.<\/p>\n\n\n\n<div style=\"height:100px\" aria-hidden=\"true\" class=\"wp-block-spacer\"><\/div>\n\n\n\n<p class=\"has-text-align-center\">Bitte beachten Sie auch unsere n\u00e4chsten Vortr\u00e4ge:<\/p>\n\n\n\n<p class=\"has-text-align-center\">19.01.2023, 19:00<br>Introduction to the ERASMUS+ CHARTER project<br>Elis Mar\u00e7al<\/p>\n\n\n\n<div style=\"height:20px\" aria-hidden=\"true\" class=\"wp-block-spacer\"><\/div>\n\n\n\n<div style=\"height:50px\" aria-hidden=\"true\" class=\"wp-block-spacer\"><\/div>\n\n\n\n<p class=\"has-text-align-center\"><a href=\"https:\/\/tuwien.zoom.us\/j\/99354493132?pwd=ZjFYNklnVVJjZ2E2SDFOMTlIdTJXZz09\">Zoom Link<\/a><\/p>\n\n\n\n<p class=\"has-text-align-center\">Meeting ID: 993 5449 3132<br>Meeting Code: ICOMOS21<\/p>\n\n\n\n<div style=\"height:30px\" aria-hidden=\"true\" class=\"wp-block-spacer\"><\/div>\n\n\n\n<p class=\"has-text-align-center\">Wir freuen uns, Sie anl\u00e4sslich des Vortrages begr\u00fc\u00dfen zu d\u00fcrfen.<\/p>\n\n\n\n<div style=\"height:50px\" aria-hidden=\"true\" class=\"wp-block-spacer\"><\/div>\n\n\n\n<p class=\"has-text-align-center\">ICOMOS Austria<br>Karlsplatz 13, A \u2013 1040 Wien<br>+43 (0)670 605 60 94<br>office@icomos.at<br><a href=\"http:\/\/www.icomos.at\">www.icomos.a<\/a>t<\/p>\n\n\n\n<div style=\"height:50px\" aria-hidden=\"true\" class=\"wp-block-spacer\"><\/div>\n","protected":false},"excerpt":{"rendered":"<p>Welterbe Salzburg | Evaluieren \u2013 Integrieren \u2013 Kommunizieren Die Salzburger Silhouette ist gepr\u00e4gt durch die zahlreichen Kirchturmspitzen und Kuppeln und wird umrahmt von einer Kulisse von Bergen. Seit Dezember 1996 wurde die historische Altstadt von Salzburg in die Liste der Welterbest\u00e4tten von der UNESCO aufgenommen. Die Welterbe-Kernzone umfasst 237 Hektar der Stadtfl\u00e4che und wird umschlossen [&hellip;]<\/p>\n","protected":false},"author":2,"featured_media":5906,"comment_status":"closed","ping_status":"closed","sticky":false,"template":"","format":"standard","meta":{"_acf_changed":false,"footnotes":""},"categories":[35],"tags":[55,63],"class_list":["post-5905","post","type-post","status-publish","format-standard","has-post-thumbnail","hentry","category-veranstaltungen","tag-icomos","tag-vortrag"],"acf":[],"rttpg_featured_image_url":{"full":["http:\/\/baugeschichte.tuwien.ac.at\/website\/wp-content\/uploads\/2022\/12\/Salzburg.png",2059,1373,false],"landscape":["http:\/\/baugeschichte.tuwien.ac.at\/website\/wp-content\/uploads\/2022\/12\/Salzburg.png",2059,1373,false],"portraits":["http:\/\/baugeschichte.tuwien.ac.at\/website\/wp-content\/uploads\/2022\/12\/Salzburg.png",2059,1373,false],"thumbnail":["http:\/\/baugeschichte.tuwien.ac.at\/website\/wp-content\/uploads\/2022\/12\/Salzburg-150x150.png",150,150,true],"medium":["http:\/\/baugeschichte.tuwien.ac.at\/website\/wp-content\/uploads\/2022\/12\/Salzburg-300x200.png",300,200,true],"large":["http:\/\/baugeschichte.tuwien.ac.at\/website\/wp-content\/uploads\/2022\/12\/Salzburg-1024x683.png",800,534,true],"gs-tiny":["http:\/\/baugeschichte.tuwien.ac.at\/website\/wp-content\/uploads\/2022\/12\/Salzburg.png",50,33,false],"xl":["http:\/\/baugeschichte.tuwien.ac.at\/website\/wp-content\/uploads\/2022\/12\/Salzburg-1600x1067.png",1600,1067,true],"xxl":["http:\/\/baugeschichte.tuwien.ac.at\/website\/wp-content\/uploads\/2022\/12\/Salzburg.png",2059,1373,false],"xxxl":["http:\/\/baugeschichte.tuwien.ac.at\/website\/wp-content\/uploads\/2022\/12\/Salzburg.png",2059,1373,false],"xxxxl":["http:\/\/baugeschichte.tuwien.ac.at\/website\/wp-content\/uploads\/2022\/12\/Salzburg.png",2059,1373,false],"xxxxxl":["http:\/\/baugeschichte.tuwien.ac.at\/website\/wp-content\/uploads\/2022\/12\/Salzburg.png",2059,1373,false],"1536x1536":["http:\/\/baugeschichte.tuwien.ac.at\/website\/wp-content\/uploads\/2022\/12\/Salzburg-1536x1024.png",1536,1024,true],"2048x2048":["http:\/\/baugeschichte.tuwien.ac.at\/website\/wp-content\/uploads\/2022\/12\/Salzburg-2048x1366.png",2048,1366,true],"tp-image-grid":["http:\/\/baugeschichte.tuwien.ac.at\/website\/wp-content\/uploads\/2022\/12\/Salzburg-700x700.png",700,700,true]},"rttpg_author":{"display_name":"Margit","author_link":"http:\/\/baugeschichte.tuwien.ac.at\/website\/author\/margit\/"},"rttpg_comment":0,"rttpg_category":"<a href=\"http:\/\/baugeschichte.tuwien.ac.at\/website\/category\/veranstaltungen\/\" rel=\"category tag\">Veranstaltungen<\/a>","rttpg_excerpt":"Welterbe Salzburg | Evaluieren \u2013 Integrieren \u2013 Kommunizieren Die Salzburger Silhouette ist gepr\u00e4gt durch die zahlreichen Kirchturmspitzen und Kuppeln und wird umrahmt von einer Kulisse von Bergen. Seit Dezember 1996 wurde die historische Altstadt von Salzburg in die Liste der Welterbest\u00e4tten von der UNESCO aufgenommen. Die Welterbe-Kernzone umfasst 237 Hektar der Stadtfl\u00e4che und wird umschlossen&hellip;","_links":{"self":[{"href":"http:\/\/baugeschichte.tuwien.ac.at\/website\/wp-json\/wp\/v2\/posts\/5905","targetHints":{"allow":["GET"]}}],"collection":[{"href":"http:\/\/baugeschichte.tuwien.ac.at\/website\/wp-json\/wp\/v2\/posts"}],"about":[{"href":"http:\/\/baugeschichte.tuwien.ac.at\/website\/wp-json\/wp\/v2\/types\/post"}],"author":[{"embeddable":true,"href":"http:\/\/baugeschichte.tuwien.ac.at\/website\/wp-json\/wp\/v2\/users\/2"}],"replies":[{"embeddable":true,"href":"http:\/\/baugeschichte.tuwien.ac.at\/website\/wp-json\/wp\/v2\/comments?post=5905"}],"version-history":[{"count":0,"href":"http:\/\/baugeschichte.tuwien.ac.at\/website\/wp-json\/wp\/v2\/posts\/5905\/revisions"}],"wp:featuredmedia":[{"embeddable":true,"href":"http:\/\/baugeschichte.tuwien.ac.at\/website\/wp-json\/wp\/v2\/media\/5906"}],"wp:attachment":[{"href":"http:\/\/baugeschichte.tuwien.ac.at\/website\/wp-json\/wp\/v2\/media?parent=5905"}],"wp:term":[{"taxonomy":"category","embeddable":true,"href":"http:\/\/baugeschichte.tuwien.ac.at\/website\/wp-json\/wp\/v2\/categories?post=5905"},{"taxonomy":"post_tag","embeddable":true,"href":"http:\/\/baugeschichte.tuwien.ac.at\/website\/wp-json\/wp\/v2\/tags?post=5905"}],"curies":[{"name":"wp","href":"https:\/\/api.w.org\/{rel}","templated":true}]}}